{"id":3444,"date":"2020-12-12T09:11:10","date_gmt":"2020-12-12T09:11:10","guid":{"rendered":"http:\/\/www.gioba.it\/?p=3444"},"modified":"2020-12-12T09:11:10","modified_gmt":"2020-12-12T09:11:10","slug":"il-curriculum-del-buon-cristiano","status":"publish","type":"post","link":"https:\/\/www.gioba.it\/sito\/2020\/12\/12\/il-curriculum-del-buon-cristiano\/","title":{"rendered":"il curriculum del buon cristiano"},"content":{"rendered":"<p style=\"text-align: justify;\"><a href=\"http:\/\/www.gioba.it\/sito\/wp-content\/uploads\/2020\/12\/Battista-e-Ges\u00f9-small.jpg\"><img loading=\"lazy\" decoding=\"async\" class=\"alignleft  wp-image-3445\" src=\"http:\/\/www.gioba.it\/sito\/wp-content\/uploads\/2020\/12\/Battista-e-Ges\u00f9-small.jpg\" alt=\"\" width=\"591\" height=\"493\" \/><\/a><\/p>\n<p style=\"text-align: justify;\"><strong><span style=\"font-family: arial, helvetica, sans-serif;\">DOMENICA 13 dicembre 2020<\/span><\/strong><\/p>\n<p style=\"text-align: justify;\"><strong><span style=\"font-family: arial, helvetica, sans-serif;\">III di Avvento<\/span><\/strong><\/p>\n<p style=\"text-align: justify;\">\n<blockquote>\n<p style=\"text-align: justify;\"><span style=\"font-family: arial, helvetica, sans-serif;\">Venne un uomo mandato da Dio:<\/span><br \/>\n<span style=\"font-family: arial, helvetica, sans-serif;\">il suo nome era Giovanni.<\/span><br \/>\n<span style=\"font-family: arial, helvetica, sans-serif;\">Egli venne come testimone<\/span><br \/>\n<span style=\"font-family: arial, helvetica, sans-serif;\">per dare testimonianza alla luce,<\/span><br \/>\n<span style=\"font-family: arial, helvetica, sans-serif;\">perch\u00e8 tutti credessero per mezzo di lui.<\/span><br \/>\n<span style=\"font-family: arial, helvetica, sans-serif;\">Non era lui la luce,<\/span><br \/>\n<span style=\"font-family: arial, helvetica, sans-serif;\">ma doveva dare testimonianza alla luce.<\/span><br \/>\n<span style=\"font-family: arial, helvetica, sans-serif;\">Questa \u00e8 la testimonianza di Giovanni, quando i Giudei gli inviarono da Gerusalemme sacerdoti e lev\u00ecti a interrogarlo: \u00abTu, chi sei?\u00bb. Egli confess\u00f2 e non neg\u00f2. Confess\u00f2: \u00abIo non sono il Cristo\u00bb. Allora gli chiesero: \u00abChi sei, dunque? Sei tu Elia?\u00bb. \u00abNon lo sono\u00bb, disse. \u00abSei tu il profeta?\u00bb. \u00abNo\u00bb, rispose. Gli dissero allora: \u00abChi sei? Perch\u00e8 possiamo dare una risposta a coloro che ci hanno mandato. Che cosa dici di te stesso?\u00bb. Rispose: \u00abIo sono voce di uno che grida nel deserto: Rendete diritta la via del Signore, come disse il profeta Isa\u00eca\u00bb.<\/span><br \/>\n<span style=\"font-family: arial, helvetica, sans-serif;\">Quelli che erano stati inviati venivano dai farisei. Essi lo interrogarono e gli dissero: \u00abPerch\u00e8 dunque tu battezzi, se non sei il Cristo, n\u00e8 Elia, n\u00e8 il profeta?\u00bb. Giovanni rispose loro: \u00abIo battezzo nell&#8217;acqua. In mezzo a voi sta uno che voi non conoscete, colui che viene dopo di me: a lui io non sono degno di slegare il laccio del sandalo\u00bb.<\/span><br \/>\n<span style=\"font-family: arial, helvetica, sans-serif;\">Questo avvenne in Bet\u00e0\u00a0nia, al di l\u00e0\u00a0 del Giordano, dove Giovanni stava battezzando.<\/span><\/p>\n<p style=\"text-align: justify;\"><span style=\"font-family: arial, helvetica, sans-serif;\">(dal Vangelo di Giovanni 1,6-8.19-28)<\/span><\/p>\n<\/blockquote>\n<p style=\"text-align: justify;\">\n<p style=\"text-align: justify;\"><strong><span style=\"font-family: arial, helvetica, sans-serif;\">Il curriculum vitae \u00e8 uno dei principali strumenti con i quali poter trovare un impiego di lavoro. L&#8217;obiettivo di un curriculum \u00e8 quello di presentarsi nel miglior modo possibile a coloro dai quali vorremmo essere assunti o almeno presi in considerazione per un impiego. Questa presentazione deve contenere non solo i dati personali (chi siamo) ma soprattutto gli studi fatti, le competenze ed eventualmente esperienze lavorative passate (cosa conosciamo e sappiamo fare). Pi\u00f9 il curriculum \u00e8 ricco e ben compilato e pi\u00f9 diventa efficace.<\/span><\/strong><\/p>\n<p style=\"text-align: justify;\"><strong><span style=\"font-family: arial, helvetica, sans-serif;\">Leggendo e meditando insieme con un gruppo di persone il brano di Vangelo di questa domenica, una ha detto che il modo con il quale Giovanni Battista parla di se, sembra davvero un &#8220;curriculum al contrario&#8221;. Giovanni interrogato dai responsabili religiosi del suo tempo riguardo la sua azione di predicatore nel deserto, \u00e8 pi\u00f9 preoccupato di sminuirsi che di esaltare la sua identit\u00e0\u00a0 e le sue azioni. Interrogato su cosa dice di s\u00e8 stesso, lui prima di tutto insiste nel dire quel che non \u00e8, anche se potrebbe farsi passare per tale. Non \u00e8 &#8220;il Cristo&#8221;, non \u00e8 &#8220;Elia&#8221;, non \u00e8 &#8220;il profeta&#8221;. Al tempo di Ges\u00f9 era attesa la venuta del Messia, cio\u00e8 dell&#8217;inviato da Dio (Cristo) che avrebbe ristabilito la volont\u00e0\u00a0 di Dio. Si pensava che sarebbe stato preceduto dal un ritorno del pi\u00f9 grande dei profeti, Elia o da un altro grande profeta. Giovanni, che attraverso la forte predicazione e il gesto purificatore del battesimo nel Giordano ha un grande seguito e fama, alla fine non approfitta di questo per assumere ancora pi\u00f9 fama e aspirare a qualcosa di pi\u00f9 grande. Nel suo curriculum alla fine lui mette solo una cosa quando gli viene chiesto insistentemente &#8220;chi sei&#8221;: &#8220;Io sono voce di uno che grida nel deserto: Rendete diritta la via del Signore&#8230;&#8221;<\/span><\/strong><\/p>\n<p style=\"text-align: justify;\"><strong><span style=\"font-family: arial, helvetica, sans-serif;\">Ecco il curriculum di Giovanni, quello che sa fare e vorrebbe fare: \u00e8 una voce che grida. Il suo compito \u00e8 quello di &#8220;dare voce&#8221; a un messaggio che non \u00e8 il suo, non \u00e8 di sua propriet\u00e0\u00a0 o sua creazione. Lui di quel messaggio ne \u00e8 solo voce, comunicazione attraverso le parole e le scelte concrete della vita.<\/span><\/strong><\/p>\n<p style=\"text-align: justify;\"><strong><span style=\"font-family: arial, helvetica, sans-serif;\">Da sempre l&#8217;uomo cerca di presentare s\u00e8 stesso aumentando la propria forza, le proprie qualit\u00e0\u00a0, i titoli&#8230; Anche oggi nessuno di noi sfugge a questa tentazione di apparire pi\u00f9 di quel che \u00e8 e che \u00e8 capace di fare, nascondendo il pi\u00f9 possibile difetti ed errori. Nessuno di noi presenterebbe ad un futuro datore di lavoro un curriculum con dei &#8220;non sono&#8230; non sono capace di&#8230;&#8221;, e sicuramente farebbe di tutto per dare la migliore immagine possibile di s\u00e8, senza difetti.<\/span><\/strong><\/p>\n<p style=\"text-align: justify;\"><strong><span style=\"font-family: arial, helvetica, sans-serif;\">Se questo \u00e8 una cosa sensata nel mondo lavorativo, lo diventa meno nel mondo delle relazioni sociali e tanto meno dentro la comunit\u00e0\u00a0 cristiana. Abbiamo paura di mostrare i nostri limiti e fragilit\u00e0\u00a0, e cerchiamo di apparire pi\u00f9 di quel che siamo, a volte mascherandoci e mentendo. Ci giudichiamo reciprocamente amplificando i difetti dell&#8217;altro mentre esaltiamo noi stessi in una gara che ci fa apparire sempre in competizione.<\/span><\/strong><\/p>\n<p style=\"text-align: justify;\"><strong><span style=\"font-family: arial, helvetica, sans-serif;\">Quale curriculum potremmo dare di noi stessi a Dio per impressionarlo in modo positivo? Un lungo elenco di pregi, preghiere, liturgie partecipate, peccati non commessi?<\/span><\/strong><\/p>\n<p style=\"text-align: justify;\"><strong><span style=\"font-family: arial, helvetica, sans-serif;\">Il curriculum di Giovanni ha una sola riga &#8220;sono voce che grida&#8221; &#8230; Questo \u00e8 quello che mi viene chiesto da Dio: &#8220;essere voce&#8221;, &#8220;dare voce&#8221; al messaggio del Vangelo che ha bisogno delle mie parole e dei miei gesti per essere comunicato. Non possiedo il Vangelo, non ho creato io gli insegnamenti della fede, ma posso esserne la voce se ci credo davvero e li vivo. La terza domenica dell&#8217;Avvento \u00e8 liturgicamente detta &#8220;della gioia&#8221;, per ricordarci che &#8220;essere gioiosi&#8221; \u00e8 un aspetto fondamentale che, questo s\u00ec, non possiamo far mancare nel nostro curriculum del buon cristiano&#8230;<\/span><\/strong><\/p>\n<p style=\"text-align: justify;\"><span style=\"font-family: arial, helvetica, sans-serif;\">Giovanni don<\/span><\/p>\n","protected":false},"excerpt":{"rendered":"<p>DOMENICA 13 dicembre 2020 III di Avvento Venne un uomo mandato da Dio: il suo nome era Giovanni. Egli venne come testimone per dare testimonianza alla luce, perch\u00e8 tutti credessero per mezzo di lui. Non era lui la luce, ma doveva dare testimonianza alla luce. Questa \u00e8 la testimonianza di Giovanni, quando i Giudei gli inviarono da Gerusalemme sacerdoti e lev\u00ecti a interrogarlo: \u00abTu, chi sei?\u00bb. Egli confess\u00f2 e non neg\u00f2. Confess\u00f2: \u00abIo non sono il Cristo\u00bb. Allora gli chiesero: \u00abChi sei, dunque? Sei tu Elia?\u00bb. \u00abNon lo sono\u00bb, disse. \u00abSei tu il profeta?\u00bb. \u00abNo\u00bb, rispose. Gli dissero allora: \u00abChi<\/p>\n","protected":false},"author":1,"featured_media":0,"comment_status":"open","ping_status":"open","sticky":false,"template":"","format":"standard","meta":{"footnotes":""},"categories":[],"tags":[],"class_list":["post-3444","post","type-post","status-publish","format-standard","hentry"],"_links":{"self":[{"href":"https:\/\/www.gioba.it\/sito\/wp-json\/wp\/v2\/posts\/3444","targetHints":{"allow":["GET"]}}],"collection":[{"href":"https:\/\/www.gioba.it\/sito\/wp-json\/wp\/v2\/posts"}],"about":[{"href":"https:\/\/www.gioba.it\/sito\/wp-json\/wp\/v2\/types\/post"}],"author":[{"embeddable":true,"href":"https:\/\/www.gioba.it\/sito\/wp-json\/wp\/v2\/users\/1"}],"replies":[{"embeddable":true,"href":"https:\/\/www.gioba.it\/sito\/wp-json\/wp\/v2\/comments?post=3444"}],"version-history":[{"count":1,"href":"https:\/\/www.gioba.it\/sito\/wp-json\/wp\/v2\/posts\/3444\/revisions"}],"predecessor-version":[{"id":3446,"href":"https:\/\/www.gioba.it\/sito\/wp-json\/wp\/v2\/posts\/3444\/revisions\/3446"}],"wp:attachment":[{"href":"https:\/\/www.gioba.it\/sito\/wp-json\/wp\/v2\/media?parent=3444"}],"wp:term":[{"taxonomy":"category","embeddable":true,"href":"https:\/\/www.gioba.it\/sito\/wp-json\/wp\/v2\/categories?post=3444"},{"taxonomy":"post_tag","embeddable":true,"href":"https:\/\/www.gioba.it\/sito\/wp-json\/wp\/v2\/tags?post=3444"}],"curies":[{"name":"wp","href":"https:\/\/api.w.org\/{rel}","templated":true}]}}