{"id":3493,"date":"2021-02-20T11:14:12","date_gmt":"2021-02-20T11:14:12","guid":{"rendered":"http:\/\/www.gioba.it\/?p=3493"},"modified":"2022-01-05T14:16:30","modified_gmt":"2022-01-05T13:16:30","slug":"gesu-nel-deserto-dei-deserti","status":"publish","type":"post","link":"https:\/\/www.gioba.it\/sito\/2021\/02\/20\/gesu-nel-deserto-dei-deserti\/","title":{"rendered":"Ges\u00f9 nel deserto dei deserti"},"content":{"rendered":"<p style=\"text-align: justify;\"><strong><span style=\"font-family: arial, helvetica, sans-serif;\">DOMENICA 21 febbraio 2021<\/span><\/strong><\/p>\n<p style=\"text-align: justify;\"><strong><span style=\"font-family: arial, helvetica, sans-serif;\">I di Quaresima<\/span><\/strong><\/p>\n<blockquote>\n<p style=\"text-align: justify;\"><span style=\"font-family: arial, helvetica, sans-serif;\">In quel tempo, lo Spirito sospinse Ges\u00f9 nel deserto e nel deserto rimase quaranta giorni, tentato da Satana. Stava con le bestie selvatiche e gli angeli lo servivano.<\/span><br \/>\n<span style=\"font-family: arial, helvetica, sans-serif;\">Dopo che Giovanni fu arrestato, Ges\u00f9 and\u00f2 nella Galilea, proclamando il vangelo di Dio, e diceva: \u00abIl tempo \u00e8 compiuto e il regno di Dio \u00e8 vicino; convertitevi e credete nel Vangelo\u00bb.<\/span><\/p>\n<p style=\"text-align: justify;\"><span style=\"font-family: arial, helvetica, sans-serif;\">(dal Vangelo di Marco 1.12-15)<\/span><\/p>\n<\/blockquote>\n<p style=\"text-align: justify;\"><strong><span style=\"font-family: arial, helvetica, sans-serif;\">Come in quelle trame di film di fantascienza dove i protagonisti entrano in un loop temporale che li riporta indietro nel tempo, anche la liturgia di questa prima domenica di Quaresima ci riporta di nuovo all&#8217;inizio del Vangelo di Marco. Con Domenica scorsa eravamo quasi &#8220;usciti&#8221; dal capito primo, ma l&#8217;episodio di Ges\u00f9 tentato da satana nel deserto ci riporta indietro, in un passaggio fondamentale della vicenda del Maestro di Nazareth.<\/span><\/strong><\/p>\n<p style=\"text-align: justify;\"><strong><span style=\"font-family: arial, helvetica, sans-serif;\">E&#8217; il cammino che la Chiesa ci fa fare ogni anno, cio\u00e8 quello di riportarci con Ges\u00f9 nel deserto all&#8217;inizio dei quaranta giorni in preparazione alla Pasqua.<\/span><\/strong><\/p>\n<p style=\"text-align: justify;\"><strong><span style=\"font-family: arial, helvetica, sans-serif;\">Il testo di Marco ci dice che Ges\u00f9 \u00e8 &#8220;spinto&#8221; dallo Spirito di Dio in questa esperienza cos\u00ec particolare, subito dopo averci raccontato del suo battesimo nel fiume Giordano, durante il quale il Padre dal cielo gli fa sentire la sua voce e ha confermato il suo amore totale e eterno: &#8220;Tu sei il figlio mio amato, in te ho posto il mio compiacimento&#8221;.<\/span><\/strong><\/p>\n<p style=\"text-align: justify;\"><strong><span style=\"font-family: arial, helvetica, sans-serif;\">Dell&#8217;esperienza del deserto nel Vangelo di Marco abbiamo davvero una riga e niente di pi\u00f9, eppure c&#8217;\u00e8 tutto quel che serve per interrogare la nostra fede e la nostra vita.<\/span><\/strong><\/p>\n<p style=\"text-align: justify;\"><strong><span style=\"font-family: arial, helvetica, sans-serif;\">Innanzitutto il deserto.<\/span><\/strong><\/p>\n<p style=\"text-align: justify;\"><strong><span style=\"font-family: arial, helvetica, sans-serif;\">Sarebbe bello fermarsi un attimo, e davanti a questa parola &#8220;deserto&#8221; domandarsi cosa ci viene in mente, cosa scatta nei ricordi e nel sentimento del cuore.<\/span><\/strong><\/p>\n<p style=\"text-align: justify;\"><strong><span style=\"font-family: arial, helvetica, sans-serif;\">Ad un israelita il deserto non fa sicuramente paura come a noi, che vivendo a queste latitudini il deserto (sia sabbioso che roccioso, come \u00e8 in terra di Israele) \u00e8 solo una immagine fotografica o di qualche racconto. Per la Bibbia il deserto \u00e8 il luogo nel quale il popolo di Israele \u00e8 passato dalla schiavit\u00f9 alla libert\u00e0\u00a0 con un cammino lungo quarant&#8217;anni, non tanto per la strada ma perch\u00e8 c&#8217;\u00e8 voluta una intera generazione (che allora era di 40 anni), per trasformarsi da popolo di fuggiaschi senza legge a popolo di Dio con una Legge e un luogo dove viverla. Il deserto per il popolo \u00e8 stato una prova continua di scelta tra schiavit\u00f9 e libert\u00e0\u00a0, tra sicurezza anche se in catene e sfida di un mondo nuovo anche se richiede impegno e costa fatica. Ges\u00f9 all&#8217;inizio del suo ministero di liberazione, entrando anche lui nel deserto, si immerge in questa storia del popolo di Israele che anche lui \u00e8 venuto a liberare. Ges\u00f9 nel deserto sintetizza tutta la sua vita e quella di ogni uomo, sempre tentato di tornare sui suoi passi e accettare la schiavit\u00f9 del peccato e dell&#8217;egoismo, abbandonando la proposta esigente di Dio che libera.<\/span><\/strong><\/p>\n<p style=\"text-align: justify;\"><strong><span style=\"font-family: arial, helvetica, sans-serif;\">Ma a noi cosa richiama la parola &#8220;deserto&#8221;? Perch\u00e8 anche nei deserti che noi pensiamo e sperimentiamo, Ges\u00f9 \u00e8 entrato per stare con noi e con noi vincerli.<\/span><\/strong><\/p>\n<p style=\"text-align: justify;\"><strong><span style=\"font-family: arial, helvetica, sans-serif;\">In questi giorni ho incontrato per caso una persona per strada e chiedendo come stava, dietro la mascherina e qualche parola di convenienza ho visto negli occhi un deserto di tristezza e paura. La preoccupazione della pandemia mista ai problemi personali aveva creato un deserto nel suo cuore. E questo si vedeva attraverso lo sguardo.<\/span><\/strong><\/p>\n<p style=\"text-align: justify;\"><strong><span style=\"font-family: arial, helvetica, sans-serif;\">Quanti altri deserti vediamo, non solo nelle citt\u00e0\u00a0 che tra un lockdown e l&#8217;altro vedono strade e piazze deserte. Il deserto \u00e8 anche in una stanza di ospedale dove il malato si sente solo ad affrontare le sue malattie. Il deserto c&#8217;\u00e8 anche in quelle famiglie dove si sono inariditi la comunicazione e i gesti d&#8217;affetto. Il deserto lo vedo anche nella vita parrocchiale con la chiesa vuota non solo per il distanziamento ma anche perch\u00e8 molti si sono allontanati.<\/span><\/strong><\/p>\n<p style=\"text-align: justify;\"><strong><span style=\"font-family: arial, helvetica, sans-serif;\">Nel suo Vangelo Marco dice che Ges\u00f9 \u00e8 attorniato dal tentatore, dalle bestie selvatiche e anche da angeli che lo servono. \u00a0<\/span><\/strong><\/p>\n<p style=\"text-align: justify;\"><strong><span style=\"font-family: arial, helvetica, sans-serif;\">In questi angeli che confortano Ges\u00f9 vedo tutti coloro che in ogni deserto umano sostengono chi \u00e8 nella prova. Sono coloro che anche solo con una parola, con uno sguardo, un piccolo atto di carit\u00e0\u00a0 raggiungono chi \u00e8 solo e gli fanno sentire che anche in quel suo deserto non \u00e8 abbandonato da Dio e continua ad essere amato.<\/span><\/strong><\/p>\n<p style=\"text-align: justify;\"><strong><span style=\"font-family: arial, helvetica, sans-serif;\">Ges\u00f9 uscir\u00e0\u00a0 dal deserto ancora pi\u00f9 forte e con l&#8217;impegno di comunicare a tutti il Vangelo di Dio, la Buona Notizia dell&#8217;Amore. Il deserto non lo ha sconfitto ma rafforzato.<\/span><\/strong><\/p>\n<p style=\"text-align: justify;\"><strong><span style=\"font-family: arial, helvetica, sans-serif;\">Questo mi d\u00e0\u00a0 speranza che anche nei miei deserti e in quelli umani che incontro l&#8217;ultima parola non sar\u00e0\u00a0 quella del tentatore e nemmeno i morsi delle bestie selvatiche, ma sar\u00e0\u00a0 quella degli angeli e quella di Dio Padre, che anche a me, a tutti noi, far\u00e0\u00a0 sentire nel cuore &#8220;Tu sei amato&#8230;&#8221;<\/span><\/strong><\/p>\n<p style=\"text-align: justify;\"><span style=\"font-family: arial, helvetica, sans-serif;\">Giovanni don<\/span><\/p>\n","protected":false},"excerpt":{"rendered":"<p>DOMENICA 21 febbraio 2021 I di Quaresima In quel tempo, lo Spirito sospinse Ges\u00f9 nel deserto e nel deserto rimase quaranta giorni, tentato da Satana. Stava con le bestie selvatiche e gli angeli lo servivano. Dopo che Giovanni fu arrestato, Ges\u00f9 and\u00f2 nella Galilea, proclamando il vangelo di Dio, e diceva: \u00abIl tempo \u00e8 compiuto e il regno di Dio \u00e8 vicino; convertitevi e credete nel Vangelo\u00bb. (dal Vangelo di Marco 1.12-15) Come in quelle trame di film di fantascienza dove i protagonisti entrano in un loop temporale che li riporta indietro nel tempo, anche la liturgia di questa prima<\/p>\n","protected":false},"author":1,"featured_media":3774,"comment_status":"open","ping_status":"open","sticky":false,"template":"","format":"standard","meta":{"footnotes":""},"categories":[2],"tags":[],"class_list":["post-3493","post","type-post","status-publish","format-standard","has-post-thumbnail","hentry","category-commenti-al-vangelo"],"_links":{"self":[{"href":"https:\/\/www.gioba.it\/sito\/wp-json\/wp\/v2\/posts\/3493","targetHints":{"allow":["GET"]}}],"collection":[{"href":"https:\/\/www.gioba.it\/sito\/wp-json\/wp\/v2\/posts"}],"about":[{"href":"https:\/\/www.gioba.it\/sito\/wp-json\/wp\/v2\/types\/post"}],"author":[{"embeddable":true,"href":"https:\/\/www.gioba.it\/sito\/wp-json\/wp\/v2\/users\/1"}],"replies":[{"embeddable":true,"href":"https:\/\/www.gioba.it\/sito\/wp-json\/wp\/v2\/comments?post=3493"}],"version-history":[{"count":3,"href":"https:\/\/www.gioba.it\/sito\/wp-json\/wp\/v2\/posts\/3493\/revisions"}],"predecessor-version":[{"id":3775,"href":"https:\/\/www.gioba.it\/sito\/wp-json\/wp\/v2\/posts\/3493\/revisions\/3775"}],"wp:featuredmedia":[{"embeddable":true,"href":"https:\/\/www.gioba.it\/sito\/wp-json\/wp\/v2\/media\/3774"}],"wp:attachment":[{"href":"https:\/\/www.gioba.it\/sito\/wp-json\/wp\/v2\/media?parent=3493"}],"wp:term":[{"taxonomy":"category","embeddable":true,"href":"https:\/\/www.gioba.it\/sito\/wp-json\/wp\/v2\/categories?post=3493"},{"taxonomy":"post_tag","embeddable":true,"href":"https:\/\/www.gioba.it\/sito\/wp-json\/wp\/v2\/tags?post=3493"}],"curies":[{"name":"wp","href":"https:\/\/api.w.org\/{rel}","templated":true}]}}