{"id":3506,"date":"2021-04-03T16:58:27","date_gmt":"2021-04-03T16:58:27","guid":{"rendered":"http:\/\/www.gioba.it\/?p=3506"},"modified":"2022-01-05T14:14:09","modified_gmt":"2022-01-05T13:14:09","slug":"sei-vivo-non-ti-preoccupare","status":"publish","type":"post","link":"https:\/\/www.gioba.it\/sito\/2021\/04\/03\/sei-vivo-non-ti-preoccupare\/","title":{"rendered":"sei vivo, non ti preoccupare"},"content":{"rendered":"<p style=\"text-align: justify;\"><strong><span style=\"font-family: arial, helvetica, sans-serif;\">DOMENICA 4 aprile 2021<\/span><\/strong><\/p>\n<p style=\"text-align: justify;\"><strong><span style=\"font-family: arial, helvetica, sans-serif;\">Pasqua del Signore<\/span><\/strong><\/p>\n<blockquote>\n<p style=\"text-align: justify;\"><span style=\"font-family: arial, helvetica, sans-serif;\">Passato il sabato, Maria di M\u00e0\u00a0gdala, Maria madre di Giacomo e Sal\u00f2me comprarono oli aromatici per andare a ungerlo. Di buon mattino, il primo giorno della settimana, vennero al sepolcro al levare del sole.<\/span><br \/>\n<span style=\"font-family: arial, helvetica, sans-serif;\">Dicevano tra loro: \u00abChi ci far\u00e0\u00a0 rotolare via la pietra dall&#8217;ingresso del sepolcro?\u00bb. Alzando lo sguardo, osservarono che la pietra era gi\u00e0\u00a0 stata fatta rotolare, bench\u00e8 fosse molto grande.<\/span><br \/>\n<span style=\"font-family: arial, helvetica, sans-serif;\">Entrate nel sepolcro, videro un giovane, seduto sulla destra, vestito d&#8217;una veste bianca, ed ebbero paura. Ma egli disse loro: \u00abNon abbiate paura! Voi cercate Ges\u00f9 Nazareno, il crocifisso. \u00e8 risorto, non \u00e8 qui. Ecco il luogo dove l&#8217;avevano posto. Ma andate, dite ai suoi discepoli e a Pietro: &#8220;Egli vi precede in Galilea. l\u00e0\u00a0 lo vedrete, come vi ha detto&#8221;\u00bb.<\/span><br \/>\n<span style=\"font-family: arial, helvetica, sans-serif;\">(Vangelo di Marco 16,1-7)<\/span><\/p>\n<\/blockquote>\n<p style=\"text-align: justify;\"><strong><span style=\"font-family: arial, helvetica, sans-serif;\">Nei giorni di ospedale per la polmonite da covid, ho avuto alcuni compagni di stanza con i quali c&#8217;erano in comune i sintomi e le complicanze anche se con gravit\u00e0\u00a0 e tempi diversi. Negli ultimi giorni di ricovero ho avuto come compagno di stanza un uomo un po&#8217; pi\u00f9 giovane di me che aveva passato una forma pi\u00f9 grave di malattia che lo aveva portato anche due settimane in terapia intensiva. Mi ha raccontato di un fatto che gli era capitato nei giorni pi\u00f9 difficili. Ad un certo punto della notte, nel difficile dormiveglia tra i rumori delle macchine per l&#8217;ossigeno, aveva aperto gli occhi e aveva avuto la sensazione di una luce che lo avvolgeva. Pensava di essere morto e provava una grande pace. All&#8217;infermiere che si \u00e8 avvicinato ha chiesto con molta tranquillit\u00e0\u00a0 &#8220;sono morto?&#8221; perch\u00e8 gli sembrava di non respirare pi\u00f9.<\/span><\/strong><\/p>\n<p style=\"text-align: justify;\"><strong><span style=\"font-family: arial, helvetica, sans-serif;\">La risposta dell&#8217;infermiere era stata calma: &#8220;no, sei vivo, non ti preoccupare!&#8221;. Per qualche istante aveva avuto la sensazione di morte e vita insieme in un incontro di pace, senza paura.<\/span><\/strong><\/p>\n<p style=\"text-align: justify;\"><strong><span style=\"font-family: arial, helvetica, sans-serif;\">Ho ripensato a questa cosa che mi ha raccontato leggendo e meditando il racconto del Vangelo riguardo il giorno di Pasqua. Ho pensato a Ges\u00f9 e al suo ultimo respiro sulla croce. Di fatto i condannati crocifissi morivano per un collasso cardiorespiratorio. Dopo essere messo nel sepolcro la tradizione cristiana immagina \u00a0Ges\u00f9 che scende negli inferi per riportare in vita Adamo ed Eva, il primo uomo e la prima donna, in pratica tutta l&#8217;umanit\u00e0\u00a0 fino ad allora prigioniera della morte non solo fisica ma soprattutto spirituale. Molte icone e rappresentazioni dell&#8217;arte raccontano questo fatto che non troviamo nei vangeli. \u00a0<\/span><\/strong><\/p>\n<p style=\"text-align: justify;\"><strong><span style=\"font-family: arial, helvetica, sans-serif;\">Anche il nostro cero pasquale quest&#8217;anno ha rappresentata questa tradizione di Ges\u00f9 che scende negli inferi da Adamo ed Eva e li prende per mano.<\/span><\/strong><\/p>\n<p style=\"text-align: justify;\"><strong><span style=\"font-family: arial, helvetica, sans-serif;\">Ges\u00f9 non \u00e8 risorto per se stesso come a dimostrare la sua superiorit\u00e0\u00a0 e in qualche modo vendicarsi dell&#8217;umanit\u00e0\u00a0 che l&#8217;ha ucciso. Ges\u00f9 \u00e8 risorto come uomo per ogni uomo e ogni donna di oggi, di ogni altro il tempo della storia. Ges\u00f9 \u00e8 morto per scendere fino in fondo nella morte di ognuno ed \u00e8 risorto prendendo per mano tutti noi che come esseri umani sperimentiamo la morte in tutte le sue forme.<\/span><\/strong><\/p>\n<p style=\"text-align: justify;\"><strong><span style=\"font-family: arial, helvetica, sans-serif;\">E&#8217; vero che sembrano discorsi campati in aria forse un po&#8217; strani perch\u00e8 non rispecchiano la nostra esperienza dove la morte sembra avere davvero sempre l&#8217;ultima parola.<\/span><\/strong><\/p>\n<p style=\"text-align: justify;\"><strong><span style=\"font-family: arial, helvetica, sans-serif;\">In fondo se ci pensiamo bene le donne che si recano al sepolcro la pensano come noi. Ges\u00f9 \u00e8 morto, non c&#8217;\u00e8 pi\u00f9 nulla da fare. Probabilmente pensano che anche le sue parole e le sue promesse sono morte insieme a lui. Queste donne non pensano altro che alla pietra che ben rappresenta quello che c&#8217;\u00e8 sul loro cuore. Quella pietra pesante che non si pu\u00f2 spostare \u00e8 il dolore dell&#8217;umanit\u00e0\u00a0, un dolore che sembra inamovibile.<\/span><\/strong><\/p>\n<p style=\"text-align: justify;\"><strong><span style=\"font-family: arial, helvetica, sans-serif;\">Ma la pietra \u00e8 stata spostata, nel sepolcro non c&#8217;\u00e8 nessun cadavere, l&#8217;annuncio \u00e8 chiaro: Ges\u00f9 che cercate come morto non \u00e8 qui! E&#8217; risorto!<\/span><\/strong><\/p>\n<p style=\"text-align: justify;\"><strong><span style=\"font-family: arial, helvetica, sans-serif;\">La Pasqua \u00e8 questo annuncio che \u00e8 la vita ad avere l&#8217;ultima parola, non la morte!<\/span><\/strong><\/p>\n<p style=\"text-align: justify;\"><strong><span style=\"font-family: arial, helvetica, sans-serif;\">E&#8217; un annuncio e non \u00e8 certamente un obbligo crederci. La tomba vuota non \u00e8 una prova certa ma solo un segno. Non \u00e8 facile crederci ma \u00e8 un punto di partenza, un segno di speranza che sarebbe davvero triste non considerare.<\/span><\/strong><\/p>\n<p style=\"text-align: justify;\"><strong><span style=\"font-family: arial, helvetica, sans-serif;\">Ges\u00f9 \u00e8 risorto da morte e con se ha preso per mano tutta l&#8217;umanit\u00e0\u00a0, dall&#8217;inizio della storia fino a noi, fino a me.<\/span><\/strong><\/p>\n<p style=\"text-align: justify;\"><strong><span style=\"font-family: arial, helvetica, sans-serif;\">&#8220;Sei vivo, non ti preoccupare&#8230;&#8221; sono le parole dell&#8217;infermiere a questo mio compagno di stanza. Sono le parole che sicuramente Ges\u00f9 ha pronunciato ad Adamo ed Eva negli inferi, cos\u00ec come all&#8217;orecchio del cuore di tutti coloro che si sentono appesantiti l&#8217;esperienza della sofferenza e della morte. Negli auguri di Buona Pasqua, proprio nella seconda Pasqua mondiale segnata dalla pandemia, facciamo passare questo messaggio profondo di vita: &#8220;sei vivo&#8230; non ti preoccupare&#8221;.<\/span><\/strong><\/p>\n<p style=\"text-align: justify;\"><strong><span style=\"font-family: arial, helvetica, sans-serif;\">Pi\u00f9 che mai oggi abbiamo occasione per far risuonare il vero significato della resurrezione di Cristo che ci prende per mano la dove siamo e anche oggi fa risorgere tutti noi con lui.<\/span><\/strong><\/p>\n<p style=\"text-align: justify;\"><span style=\"font-family: arial, helvetica, sans-serif;\">Giovanni don<\/span><\/p>\n","protected":false},"excerpt":{"rendered":"<p>DOMENICA 4 aprile 2021 Pasqua del Signore Passato il sabato, Maria di M\u00e0\u00a0gdala, Maria madre di Giacomo e Sal\u00f2me comprarono oli aromatici per andare a ungerlo. Di buon mattino, il primo giorno della settimana, vennero al sepolcro al levare del sole. Dicevano tra loro: \u00abChi ci far\u00e0\u00a0 rotolare via la pietra dall&#8217;ingresso del sepolcro?\u00bb. Alzando lo sguardo, osservarono che la pietra era gi\u00e0\u00a0 stata fatta rotolare, bench\u00e8 fosse molto grande. Entrate nel sepolcro, videro un giovane, seduto sulla destra, vestito d&#8217;una veste bianca, ed ebbero paura. Ma egli disse loro: \u00abNon abbiate paura! Voi cercate Ges\u00f9 Nazareno, il crocifisso. \u00e8<\/p>\n","protected":false},"author":1,"featured_media":3768,"comment_status":"open","ping_status":"open","sticky":false,"template":"","format":"standard","meta":{"footnotes":""},"categories":[2],"tags":[],"class_list":["post-3506","post","type-post","status-publish","format-standard","has-post-thumbnail","hentry","category-commenti-al-vangelo"],"_links":{"self":[{"href":"https:\/\/www.gioba.it\/sito\/wp-json\/wp\/v2\/posts\/3506","targetHints":{"allow":["GET"]}}],"collection":[{"href":"https:\/\/www.gioba.it\/sito\/wp-json\/wp\/v2\/posts"}],"about":[{"href":"https:\/\/www.gioba.it\/sito\/wp-json\/wp\/v2\/types\/post"}],"author":[{"embeddable":true,"href":"https:\/\/www.gioba.it\/sito\/wp-json\/wp\/v2\/users\/1"}],"replies":[{"embeddable":true,"href":"https:\/\/www.gioba.it\/sito\/wp-json\/wp\/v2\/comments?post=3506"}],"version-history":[{"count":2,"href":"https:\/\/www.gioba.it\/sito\/wp-json\/wp\/v2\/posts\/3506\/revisions"}],"predecessor-version":[{"id":3769,"href":"https:\/\/www.gioba.it\/sito\/wp-json\/wp\/v2\/posts\/3506\/revisions\/3769"}],"wp:featuredmedia":[{"embeddable":true,"href":"https:\/\/www.gioba.it\/sito\/wp-json\/wp\/v2\/media\/3768"}],"wp:attachment":[{"href":"https:\/\/www.gioba.it\/sito\/wp-json\/wp\/v2\/media?parent=3506"}],"wp:term":[{"taxonomy":"category","embeddable":true,"href":"https:\/\/www.gioba.it\/sito\/wp-json\/wp\/v2\/categories?post=3506"},{"taxonomy":"post_tag","embeddable":true,"href":"https:\/\/www.gioba.it\/sito\/wp-json\/wp\/v2\/tags?post=3506"}],"curies":[{"name":"wp","href":"https:\/\/api.w.org\/{rel}","templated":true}]}}