{"id":3522,"date":"2021-04-25T07:08:46","date_gmt":"2021-04-25T07:08:46","guid":{"rendered":"http:\/\/www.gioba.it\/?p=3522"},"modified":"2022-01-05T14:11:14","modified_gmt":"2022-01-05T13:11:14","slug":"immunita-di-gregge-2","status":"publish","type":"post","link":"https:\/\/www.gioba.it\/sito\/2021\/04\/25\/immunita-di-gregge-2\/","title":{"rendered":"immunit\u00e0\u00a0 di gregge"},"content":{"rendered":"<p style=\"text-align: justify;\"><strong><span style=\"font-family: arial, helvetica, sans-serif;\">DOMENICA 25 aprile 2021<\/span><\/strong><\/p>\n<p style=\"text-align: justify;\"><strong><span style=\"font-family: arial, helvetica, sans-serif;\">IV di Pasqua<\/span><\/strong><\/p>\n<blockquote>\n<p style=\"text-align: justify;\"><span style=\"font-family: arial, helvetica, sans-serif;\">In quel tempo, Ges\u00f9 disse: \u00abIo sono il buon pastore. Il buon pastore d\u00e0\u00a0 la propria vita per le pecore. Il mercenario &#8211; che non \u00e8 pastore e al quale le pecore non appartengono &#8211; vede venire il lupo, abbandona le pecore e fugge, e il lupo le rapisce e le disperde; perch\u00e8 \u00e8 un mercenario e non gli importa delle pecore.<\/span><br \/>\n<span style=\"font-family: arial, helvetica, sans-serif;\">Io sono il buon pastore, conosco le mie pecore e le mie pecore conoscono me, cos\u00ec come il Padre conosce me e io conosco il Padre, e do la mia vita per le pecore. E ho altre pecore che non provengono da questo recinto: anche quelle io devo guidare. Ascolteranno la mia voce e diventeranno un solo gregge, un solo pastore.<\/span><br \/>\n<span style=\"font-family: arial, helvetica, sans-serif;\">Per questo il Padre mi ama: perch\u00e8 io do la mia vita, per poi riprenderla di nuovo. Nessuno me la toglie: io la do da me stesso. Ho il potere di darla e il potere di riprenderla di nuovo. Questo \u00e8 il comando che ho ricevuto dal Padre mio\u00bb.<\/span><\/p>\n<p style=\"text-align: justify;\"><span style=\"font-family: arial, helvetica, sans-serif;\">(dal Vangelo di Giovanni 10,11-18)<\/span><\/p>\n<\/blockquote>\n<p style=\"text-align: justify;\"><strong><span style=\"font-family: arial, helvetica, sans-serif;\">Tra qualche giorno, al momento in cui scrivo, scatteranno le nuove disposizioni del Governo per quanto riguarda la Pandemia. Ci sar\u00e0\u00a0 un generale allentamento delle restrizioni sulla mobilit\u00e0\u00a0 personale, sugli esercizi commerciali e anche su teatri e cinema. Questo accadr\u00e0\u00a0 sul territorio di quasi tutta Italia, ma non tutto per ora. Prendendo a prestito un termine del Vangelo di questa domenica, potremmo dire che vengono aperti molti dei &#8220;recinti&#8221; legislativi nei quali siamo stati rinchiusi per contenere la diffusione del virus. Rinchiusi ma anche protetti dobbiamo riconoscere! Senza un contenimento attivo che riduca la circolazione del contagio saremmo davvero nei guai&#8230;<\/span><\/strong><\/p>\n<p style=\"text-align: justify;\"><strong><span style=\"font-family: arial, helvetica, sans-serif;\">In questi lunghi difficili mesi abbiamo per\u00f2 imparato che il vero recinto che ci pu\u00f2 realmente proteggere \u00e8 il personale senso di responsabilit\u00e0\u00a0 che guida i nostri comportamenti per proteggere noi stessi e gli altri.<\/span><\/strong><\/p>\n<p style=\"text-align: justify;\"><strong><span style=\"font-family: arial, helvetica, sans-serif;\">Senza questo senso di comunit\u00e0\u00a0 e di responsabilit\u00e0\u00a0 reciproca non servirebbero a nulla tutte le regole e i controlli.<\/span><\/strong><\/p>\n<p style=\"text-align: justify;\"><strong><span style=\"font-family: arial, helvetica, sans-serif;\">Siamo davvero un gregge umano che ci porta ad essere interdipendenti nel bene e nel male. E sappiamo che uno degli obiettivi della vaccinazione di massa \u00e8 proprio raggiungere quell&#8217;immunit\u00e0\u00a0 di gregge che metterebbe al sicuro anche chi non si pu\u00f2 vaccinare, i pi\u00f9 fragili del gregge umano.<\/span><\/strong><\/p>\n<p style=\"text-align: justify;\"><strong><span style=\"font-family: arial, helvetica, sans-serif;\">Anche la parola &#8220;gregge&#8221; la ritroviamo nel Vangelo di oggi, e cos\u00ec davvero le parole di Ges\u00f9 sono molto meno distanti dalla vita attuale di quel che si possa credere.<\/span><\/strong><\/p>\n<p style=\"text-align: justify;\"><strong><span style=\"font-family: arial, helvetica, sans-serif;\">Ges\u00f9 parla ad una comunit\u00e0\u00a0 di persone che \u00e8 molto lontana dalla nostra sia nel tempo che nelle abitudini di vita. Per parlare di s\u00e8 e di Dio, parla dei pastori e delle greggi che erano numerosi nella Palestina di allora e fa anche riferimento a salmi e profezie della Bibbia che parlavano di Dio che manda i veri pastori e che Dio stesso \u00e8 il pastore che guida il popolo. Ma il suo insegnamento anche con questa immagine pu\u00f2 parlarci oggi. Il vertice del suo insegnamento \u00e8 la rivelazione di se come Buon Pastore che guida, protegge e conduce fuori dal recinto il gregge. Potremmo tradurre in modo preciso &#8220;buon pastore&#8221; con &#8220;vero pastore&#8221;, cio\u00e8 il pastore definitivo che si distingue da tanti falsi pastori o pastori che non lo sono in senso pieno. Il pastore in cui si identifica Ges\u00f9 \u00e8 uno che d\u00e0\u00a0 la vita per le sue pecore, le conosce e da esse \u00e8 conosciuto, e il suo scopo non \u00e8 guadagnare dalle pecore ma che siano tutte salve, unite e protette. Ges\u00f9 partendo da una immagine vuole rivelarsi come punto di riferimento per tutti i credenti ma non solo. Ges\u00f9 rivela che a Dio sta a cuore l&#8217;umanit\u00e0\u00a0 che rischia continuamente la dispersione, specialmente quando ognuno pensa a s\u00e8 stesso o solo al proprio piccolo gruppo. Se per il gregge reale di pecore i pericoli sono rappresentati da animali feroci come i lupi o dai falsi pastori che pensano solo al proprio guadagno e non al bene del gregge, il gregge umano ha i suoi pericoli non solo nei cataclismi naturali, come in questo caso la Pandemia, ma anche nelle violenze, nelle guerre, e in coloro che in modo falso si presentano come salvatori ma in realt\u00e0\u00a0 vogliono solo guadagnare per s\u00e8.<\/span><\/strong><\/p>\n<p style=\"text-align: justify;\"><strong><span style=\"font-family: arial, helvetica, sans-serif;\">Come comunit\u00e0\u00a0 di uomini siamo davvero un gregge unico suddiviso in tanti piccoli greggi nazionali e anche ecclesiali. Siamo fatti per stare insieme e insieme trovare la forza per andare avanti e affrontare il futuro e i pericoli che ci sono. Ges\u00f9 si rivela come il vero pastore che pu\u00f2 guidare all&#8217;unit\u00e0\u00a0 il gregge dei credenti e anche il gregge umano. Il suo stile di guida \u00e8 quello del dono della vita e dell&#8217;amore prima di tutto, e non quello del guadagno e della violenza.<\/span><\/strong><\/p>\n<p style=\"text-align: justify;\"><strong><span style=\"font-family: arial, helvetica, sans-serif;\">Ges\u00f9 continua a vivere e ad essere buon vero pastore nella sua comunit\u00e0\u00a0 di credenti. Come cristiani abbiamo prima di tutto il dono di avere Ges\u00f9 come pastore, con la sua Parola e i segni che lui ha lasciato, ma abbiamo anche il compito di essere dentro il gregge umano un segno di unit\u00e0\u00a0 e un riflesso del nostro vero pastore, Ges\u00f9. Come cristiano io seguo il mio pastore Ges\u00f9 e nel gregge della comunit\u00e0\u00a0 cristiana cerco di trovare la mia libert\u00e0\u00a0 nell&#8217;unit\u00e0\u00a0, nella responsabilit\u00e0\u00a0 reciproca, nel prendermi cura del prossimo, proprio come mi insegna e guida il Vangelo. Come cristiano ho anche il dovere di far si che tutto il mondo sia unito, non mi posso disinteressare del prossimo come se non mi riguardasse, perch\u00e8 fa parte di quel grande gregge umano che Dio ama, guida e protegge. E Dio lo fa anche attraverso il mio amore e il mio dono.<\/span><\/strong><\/p>\n<p style=\"text-align: justify;\"><strong><span style=\"font-family: arial, helvetica, sans-serif;\">Non ci sono quindi recinti pi\u00f9 solidi che proteggono me e gli altri se non quelli di questo dono reciproco come mi insegna il Vangelo. Se seguo Ges\u00f9 Buon Pastore uscir\u00f2 dal recinto asfissianti delle mie paure ed egoismi e ritrover\u00f2 tutto il gregge umano nel grande recinto aperto del suo amore.<\/span><\/strong><\/p>\n<p style=\"text-align: justify;\"><span style=\"font-family: arial, helvetica, sans-serif;\">Giovanni don<\/span><\/p>\n","protected":false},"excerpt":{"rendered":"<p>DOMENICA 25 aprile 2021 IV di Pasqua In quel tempo, Ges\u00f9 disse: \u00abIo sono il buon pastore. Il buon pastore d\u00e0\u00a0 la propria vita per le pecore. Il mercenario &#8211; che non \u00e8 pastore e al quale le pecore non appartengono &#8211; vede venire il lupo, abbandona le pecore e fugge, e il lupo le rapisce e le disperde; perch\u00e8 \u00e8 un mercenario e non gli importa delle pecore. Io sono il buon pastore, conosco le mie pecore e le mie pecore conoscono me, cos\u00ec come il Padre conosce me e io conosco il Padre, e do la mia vita<\/p>\n","protected":false},"author":1,"featured_media":3760,"comment_status":"open","ping_status":"open","sticky":false,"template":"","format":"standard","meta":{"footnotes":""},"categories":[2],"tags":[],"class_list":["post-3522","post","type-post","status-publish","format-standard","has-post-thumbnail","hentry","category-commenti-al-vangelo"],"_links":{"self":[{"href":"https:\/\/www.gioba.it\/sito\/wp-json\/wp\/v2\/posts\/3522","targetHints":{"allow":["GET"]}}],"collection":[{"href":"https:\/\/www.gioba.it\/sito\/wp-json\/wp\/v2\/posts"}],"about":[{"href":"https:\/\/www.gioba.it\/sito\/wp-json\/wp\/v2\/types\/post"}],"author":[{"embeddable":true,"href":"https:\/\/www.gioba.it\/sito\/wp-json\/wp\/v2\/users\/1"}],"replies":[{"embeddable":true,"href":"https:\/\/www.gioba.it\/sito\/wp-json\/wp\/v2\/comments?post=3522"}],"version-history":[{"count":2,"href":"https:\/\/www.gioba.it\/sito\/wp-json\/wp\/v2\/posts\/3522\/revisions"}],"predecessor-version":[{"id":3761,"href":"https:\/\/www.gioba.it\/sito\/wp-json\/wp\/v2\/posts\/3522\/revisions\/3761"}],"wp:featuredmedia":[{"embeddable":true,"href":"https:\/\/www.gioba.it\/sito\/wp-json\/wp\/v2\/media\/3760"}],"wp:attachment":[{"href":"https:\/\/www.gioba.it\/sito\/wp-json\/wp\/v2\/media?parent=3522"}],"wp:term":[{"taxonomy":"category","embeddable":true,"href":"https:\/\/www.gioba.it\/sito\/wp-json\/wp\/v2\/categories?post=3522"},{"taxonomy":"post_tag","embeddable":true,"href":"https:\/\/www.gioba.it\/sito\/wp-json\/wp\/v2\/tags?post=3522"}],"curies":[{"name":"wp","href":"https:\/\/api.w.org\/{rel}","templated":true}]}}