{"id":3539,"date":"2021-05-22T10:05:54","date_gmt":"2021-05-22T10:05:54","guid":{"rendered":"http:\/\/www.gioba.it\/?p=3539"},"modified":"2022-01-05T14:07:27","modified_gmt":"2022-01-05T13:07:27","slug":"processo-al-vangelo","status":"publish","type":"post","link":"https:\/\/www.gioba.it\/sito\/2021\/05\/22\/processo-al-vangelo\/","title":{"rendered":"Processo al Vangelo"},"content":{"rendered":"<p style=\"text-align: justify;\"><strong><span style=\"font-family: arial, helvetica, sans-serif;\">DOMENICA 23 maggio 2021<\/span><\/strong><\/p>\n<p style=\"text-align: justify;\"><strong><span style=\"font-family: arial, helvetica, sans-serif;\">PENTECOSTE<\/span><\/strong><\/p>\n<blockquote>\n<p style=\"text-align: justify;\"><span style=\"font-family: arial, helvetica, sans-serif;\">In quel tempo, Ges\u00f9 disse ai suoi discepoli:<\/span><br \/>\n<span style=\"font-family: arial, helvetica, sans-serif;\">\u00abQuando verr\u00e0\u00a0 il Par\u00e0\u00a0clito, che io vi mander\u00f2 dal Padre, lo Spirito della verit\u00e0\u00a0 che procede dal Padre, egli dar\u00e0\u00a0 testimonianza di me; e anche voi date testimonianza, perch\u00e8 siete con me fin dal principio.<\/span><br \/>\n<span style=\"font-family: arial, helvetica, sans-serif;\">Molte cose ho ancora da dirvi, ma per il momento non siete capaci di portarne il peso. Quando verr\u00e0\u00a0 lui, lo Spirito della verit\u00e0\u00a0, vi guider\u00e0\u00a0 a tutta la verit\u00e0\u00a0, perch\u00e8 non parler\u00e0\u00a0 da se stesso, ma dir\u00e0\u00a0 tutto ci\u00f2 che avr\u00e0\u00a0 udito e vi annuncer\u00e0\u00a0 le cose future. Egli mi glorificher\u00e0\u00a0, perch\u00e8 prender\u00e0\u00a0 da quel che \u00e8 mio e ve lo annuncer\u00e0\u00a0. Tutto quello che il Padre possiede \u00e8 mio; per questo ho detto che prender\u00e0\u00a0 da quel che \u00e8 mio e ve lo annuncer\u00e0\u00a0\u00bb.<\/span><\/p>\n<p style=\"text-align: justify;\"><span style=\"font-family: arial, helvetica, sans-serif;\">(dal Vangelo di Giovanni 15,26-27.16,12-15)<\/span><\/p>\n<p style=\"text-align: justify;\">\n<\/blockquote>\n<p style=\"text-align: justify;\"><strong><span style=\"font-family: arial, helvetica, sans-serif;\">Ma se lo Spirito di Dio \u00e8 sceso sull&#8217;umanit\u00e0\u00a0, uno Spirito tra i cui frutti secondo San Paolo ci sono l&#8217;amore, la pace, la gioia&#8230; come mai il mondo sembra dominato da guerre, ingiustizie e tanta sofferenza? E se andiamo nel concreto, proprio nella terra di Ges\u00f9, la Palestina oggi, lo Spirito Santo di pace e gioia sembra definitivamente spento da anni di guerre e ingiustizie.<\/span><\/strong><\/p>\n<p style=\"text-align: justify;\"><strong><span style=\"font-family: arial, helvetica, sans-serif;\">E se la comunit\u00e0\u00a0 dei cristiani \u00e8 stata la prima destinataria di questo dono dello Spirito Santo (cos\u00ec come \u00e8 raccontato dagli Atti degli Apostoli nel giorno di Pentecoste), perch\u00e8 anche dentro la Chiesa oggi ci sono scandali, ingiustizie e poco amore? Che fine ha fatto lo Spirito Santo, il dono della forza di Dio-Amore che Ges\u00f9 ha promesso e che sta all&#8217;inizio dell&#8217;esperienza della Chiesa? Qualcosa \u00e8 andato storto?<\/span><\/strong><\/p>\n<p style=\"text-align: justify;\"><strong><span style=\"font-family: arial, helvetica, sans-serif;\">Se dovessimo fare un processo al Vangelo, sia oggi sia lungo la storia da Ges\u00f9 in poi, penso che ne uscirebbe condannato dall&#8217;accusa di essere un libro di belle storie e belle promesse ma sostanzialmente inefficace e staccato dalla realt\u00e0\u00a0. E ad uno sguardo superficiale la condanna sarebbe definitiva anche in appello e cassazione.<\/span><\/strong><\/p>\n<p style=\"text-align: justify;\"><strong><span style=\"font-family: arial, helvetica, sans-serif;\">Ma \u00e8 proprio lo sguardo superficiale alla storia che dobbiamo evitare, e a fare questo ci invitano proprio le parole di Ges\u00f9 raccolte nella pagina del Vangelo di questa domenica di Pentecoste.<\/span><\/strong><\/p>\n<p style=\"text-align: justify;\"><strong><span style=\"font-family: arial, helvetica, sans-serif;\">La Chiesa nella celebrazione di Pentecoste sceglie di leggere due passaggi del grande insegnamento di addio che Ges\u00f9 fa ai suoi amici e discepoli la notte dell&#8217;ultima cena, quando \u00e8 a un passo dall&#8217;arresto e dalla morte in croce. Proprio quegli eventi drammatici sembrano essere la dimostrazione concreta del fallimento di Ges\u00f9 e dei suoi insegnamenti. La croce appare come la prova definitiva che condanna il Vangelo. Ges\u00f9 \u00e8 morto, i suoi discepoli dispersi, i suoi insegnamenti destinati al dimenticatoio. E a vincere nel processo sono i nemici di Ges\u00f9.<\/span><\/strong><\/p>\n<p style=\"text-align: justify;\"><strong><span style=\"font-family: arial, helvetica, sans-serif;\">Nelle parole che l&#8217;evangelista Giovanni ricorda, Ges\u00f9 ha ben presente questo processo a lui e ai suoi insegnamenti iniziato nella storia e che continuer\u00e0\u00a0 in futuro fino a noi. Ogni giorno la vita personale dei discepoli e del mondo intero mette sul banco degli imputati la fede cristiana. &#8220;Come il mondo ha odiato me, cos\u00ec odier\u00e0\u00a0 anche voi&#8230;&#8221; dice chiaramente Ges\u00f9 ai suoi amici.<\/span><\/strong><\/p>\n<p style=\"text-align: justify;\"><strong><span style=\"font-family: arial, helvetica, sans-serif;\">La promessa di Ges\u00f9 \u00e8 valida ancora oggi: lo Spirito di Dio guider\u00e0\u00a0 alla Verit\u00e0\u00a0 intera i suoi discepoli di allora cos\u00ec come quelli di oggi. Anche se il Vangelo sembra condannato dalla storia, proprio dentro la storia lo Spirito lo far\u00e0\u00a0 uscire vittorioso, dimostrando che gli insegnamenti di Ges\u00f9 non sono vani e che Ges\u00f9 stesso non \u00e8 assente ma &#8220;vivente&#8221;.<\/span><\/strong><\/p>\n<p style=\"text-align: justify;\"><strong><span style=\"font-family: arial, helvetica, sans-serif;\">Nostro compito \u00e8 quello di metterci in ascolto di questa azione dello Spirito Santo di Dio. Sta a noi scoprire come Egli istruisce il nostro cuore per sentire che Ges\u00f9 \u00e8 presente e continua la sua azione di Maestro e Signore. Uno dei modi \u00e8 proprio la preghiera della Chiesa. Quando come comunit\u00e0\u00a0 di cristiani si raduniamo a pregare \u00e8 lo Spirito che rende presente Ges\u00f9 con le sue parole e i suoi gesti.<\/span><\/strong><\/p>\n<p style=\"text-align: justify;\"><strong><span style=\"font-family: arial, helvetica, sans-serif;\">La Pentecoste non \u00e8 solo un evento unico del passato che ricordiamo con le fiamme scendono dal cielo e gli apostoli che parlano miracolosamente tutte le lingue del mondo. La Pentecoste \u00e8 sempre presente, lo Spirito continuamente scende da Dio dentro il cuore di ogni singolo cristiano cos\u00ec come della Chiesa intera, per quanti limiti abbia il singolo e nonostante tutti i limiti della Chiesa nella storia. E&#8217; questa la promessa di Ges\u00f9 a poche ore dalla sua morte: &#8220;lo Spirito della verit\u00e0\u00a0, vi guider\u00e0\u00a0 a tutta la verit\u00e0\u00a0, perch\u00e8 non parler\u00e0\u00a0 da se stesso, ma dir\u00e0\u00a0 tutto ci\u00f2 che avr\u00e0\u00a0 udito e vi annuncer\u00e0\u00a0 le cose future&#8230;&#8221;<\/span><\/strong><\/p>\n<p style=\"text-align: justify;\"><strong><span style=\"font-family: arial, helvetica, sans-serif;\">Nel processo storico al Vangelo lo Spirito ci rende testimoni a favore di Ges\u00f9 e con la nostra vita guidata interiormente da Dio possiamo provare che nonostante tutti i capi di accusa (le guerre, le ingiustizie, le incoerenze, i disastri umani e naturali, le pandemie, le violenze e il tanto dolore umano) i frutti del Vangelo ci sono e crescono dentro quello che noi viviamo.<\/span><\/strong><\/p>\n<p style=\"text-align: justify;\"><span style=\"font-family: arial, helvetica, sans-serif;\">Giovanni don<\/span><\/p>\n","protected":false},"excerpt":{"rendered":"<p>DOMENICA 23 maggio 2021 PENTECOSTE In quel tempo, Ges\u00f9 disse ai suoi discepoli: \u00abQuando verr\u00e0\u00a0 il Par\u00e0\u00a0clito, che io vi mander\u00f2 dal Padre, lo Spirito della verit\u00e0\u00a0 che procede dal Padre, egli dar\u00e0\u00a0 testimonianza di me; e anche voi date testimonianza, perch\u00e8 siete con me fin dal principio. Molte cose ho ancora da dirvi, ma per il momento non siete capaci di portarne il peso. Quando verr\u00e0\u00a0 lui, lo Spirito della verit\u00e0\u00a0, vi guider\u00e0\u00a0 a tutta la verit\u00e0\u00a0, perch\u00e8 non parler\u00e0\u00a0 da se stesso, ma dir\u00e0\u00a0 tutto ci\u00f2 che avr\u00e0\u00a0 udito e vi annuncer\u00e0\u00a0 le cose future. Egli mi glorificher\u00e0\u00a0,<\/p>\n","protected":false},"author":1,"featured_media":3752,"comment_status":"open","ping_status":"open","sticky":false,"template":"","format":"standard","meta":{"footnotes":""},"categories":[2],"tags":[],"class_list":["post-3539","post","type-post","status-publish","format-standard","has-post-thumbnail","hentry","category-commenti-al-vangelo"],"_links":{"self":[{"href":"https:\/\/www.gioba.it\/sito\/wp-json\/wp\/v2\/posts\/3539","targetHints":{"allow":["GET"]}}],"collection":[{"href":"https:\/\/www.gioba.it\/sito\/wp-json\/wp\/v2\/posts"}],"about":[{"href":"https:\/\/www.gioba.it\/sito\/wp-json\/wp\/v2\/types\/post"}],"author":[{"embeddable":true,"href":"https:\/\/www.gioba.it\/sito\/wp-json\/wp\/v2\/users\/1"}],"replies":[{"embeddable":true,"href":"https:\/\/www.gioba.it\/sito\/wp-json\/wp\/v2\/comments?post=3539"}],"version-history":[{"count":3,"href":"https:\/\/www.gioba.it\/sito\/wp-json\/wp\/v2\/posts\/3539\/revisions"}],"predecessor-version":[{"id":3753,"href":"https:\/\/www.gioba.it\/sito\/wp-json\/wp\/v2\/posts\/3539\/revisions\/3753"}],"wp:featuredmedia":[{"embeddable":true,"href":"https:\/\/www.gioba.it\/sito\/wp-json\/wp\/v2\/media\/3752"}],"wp:attachment":[{"href":"https:\/\/www.gioba.it\/sito\/wp-json\/wp\/v2\/media?parent=3539"}],"wp:term":[{"taxonomy":"category","embeddable":true,"href":"https:\/\/www.gioba.it\/sito\/wp-json\/wp\/v2\/categories?post=3539"},{"taxonomy":"post_tag","embeddable":true,"href":"https:\/\/www.gioba.it\/sito\/wp-json\/wp\/v2\/tags?post=3539"}],"curies":[{"name":"wp","href":"https:\/\/api.w.org\/{rel}","templated":true}]}}