{"id":3610,"date":"2021-09-03T10:14:50","date_gmt":"2021-09-03T10:14:50","guid":{"rendered":"http:\/\/www.gioba.it\/?p=3610"},"modified":"2022-01-05T13:50:16","modified_gmt":"2022-01-05T12:50:16","slug":"il-segreto-del-parlare","status":"publish","type":"post","link":"https:\/\/www.gioba.it\/sito\/2021\/09\/03\/il-segreto-del-parlare\/","title":{"rendered":"il segreto del parlare"},"content":{"rendered":"<p style=\"text-align: justify;\"><strong><span style=\"font-family: arial, helvetica, sans-serif;\">DOMENICA 5 settembre 2021<\/span><\/strong><\/p>\n<p style=\"text-align: justify;\"><strong><span style=\"font-family: arial, helvetica, sans-serif;\">XXIII anno B<\/span><\/strong><\/p>\n<blockquote>\n<p style=\"text-align: justify;\"><span style=\"font-family: arial, helvetica, sans-serif;\">In quel tempo, Ges\u00f9, uscito dalla regione di Tiro, passando per Sid\u00f2ne, venne verso il mare di Galilea in pieno territorio della Dec\u00e0\u00a0poli.<\/span><br \/>\n<span style=\"font-family: arial, helvetica, sans-serif;\">Gli portarono un sordomuto e lo pregarono di imporgli la mano. Lo prese in disparte, lontano dalla folla, gli pose le dita negli orecchi e con la saliva gli tocc\u00f2 la lingua; guardando quindi verso il cielo, emise un sospiro e gli disse: \u00abEffat\u00e0\u00a0\u00bb, cio\u00e8: \u00abApriti!\u00bb. E subito gli si aprirono gli orecchi, si sciolse il nodo della sua lingua e parlava correttamente.<\/span><br \/>\n<span style=\"font-family: arial, helvetica, sans-serif;\">E comand\u00f2 loro di non dirlo a nessuno. Ma pi\u00f9 egli lo proibiva, pi\u00f9 essi lo proclamavano e, pieni di stupore, dicevano: \u00abHa fatto bene ogni cosa: fa udire i sordi e fa parlare i muti!\u00bb.<\/span><\/p>\n<p style=\"text-align: justify;\"><span style=\"font-family: arial, helvetica, sans-serif;\">(dal Vangelo di Marco 7,31-37)<\/span><\/p>\n<p style=\"text-align: justify;\">\n<\/blockquote>\n<p style=\"text-align: justify;\"><strong><span style=\"font-family: arial, helvetica, sans-serif;\">Quando ero in seminario la mia pi\u00f9 grande preoccupazione in vista del diventare prete era il parlare in pubblico. Mi metteva una grandissima ansia il dover tutte le domeniche fare l&#8217;omelia davanti a tante persone molto diverse tra loro per et\u00e0\u00a0, cammino spirituale, idee e provenienze&#8230; Mi chiedevo come avrei fatto a superare questa paura che non era solo paura di parlare al microfono, ma anche di dire le cose in maniera corretta per coloro che avevo davanti, evitando stupidaggini e il venire frainteso. Era anche la paura che con le mie parole sbagliate non avrei avvicinato ma allontanato le persone dalla fede e da Dio.<\/span><\/strong><\/p>\n<p style=\"text-align: justify;\"><strong><span style=\"font-family: arial, helvetica, sans-serif;\">L&#8217;evangelista Marco ci racconta in questo Vangelo di una guarigione che non \u00e8 solo fisica ma soprattutto spirituale.<\/span><\/strong><\/p>\n<p style=\"text-align: justify;\"><strong><span style=\"font-family: arial, helvetica, sans-serif;\">L&#8217;uomo che viene portato da Ges\u00f9 letteralmente non \u00e8 muto, ma balbuziente. Essendo incapace di ascoltare non \u00e8 capace nemmeno di parlare bene. Infatti appena guarito, l&#8217;evangelista ci dice che &#8220;parlava correttamente&#8221;. Quest&#8217;uomo non sapeva parlare perch\u00e8 non era capace di ascoltare.<\/span><\/strong><\/p>\n<p style=\"text-align: justify;\"><strong><span style=\"font-family: arial, helvetica, sans-serif;\">Nella Bibbia spesso viene detto che il popolo di Israele \u00e8 &#8220;duro di orecchi&#8221; perch\u00e8 non riesce ad ascoltare Dio in modo vero e attento. La prima parola della preghiera del buon Israelita \u00e8 sempre &#8220;Ascolta Israele&#8230;&#8221;.<\/span><\/strong><\/p>\n<p style=\"text-align: justify;\"><strong><span style=\"font-family: arial, helvetica, sans-serif;\">Questo uomo ha prima di tutto un problema di udito che simbolicamente richiama non tanto la dimensione fisiologica del problema, ma quella dell&#8217;atteggiamento spirituale. Questo uomo sordo ci ricorda quanto poco anche noi sappiamo ascoltare, anche se le nostre orecchie funzionano perfettamente. Siamo tutti un po&#8217; sordi verso Dio e verso il prossimo, anche se alla fine il Vangelo ci ricorda che ascoltare il prossimo ci porta ad ascoltare Dio stesso che ci parla.<\/span><\/strong><\/p>\n<p style=\"text-align: justify;\"><strong><span style=\"font-family: arial, helvetica, sans-serif;\">Siamo tutti sordi, cio\u00e8 incapaci di ascoltare, perch\u00e8 non diamo tempo al prossimo e ci limitiamo ad accogliere solo alcune delle informazioni che ci d\u00e0\u00a0, ma non siamo pi\u00f9 capaci di ascoltare tra le parole e arrivare al suo cuore. Siamo sordi perch\u00e8 il &#8220;rumore&#8221; di tante preoccupazioni esterne ci distraggono: quando la notifica del cellulare \u00e8 pi\u00f9 importante di chi ci parla, quando teniamo la televisione accesa mentre mangiamo insieme e quello che scorre sullo schermo cattura gran parte della nostra attenzione. Siamo sordi quando siamo frettolosi a cercare le cause o la soluzione di un problema che ci viene esposto e non ci sforziamo di capire quello che veramente l&#8217;altro ci vuole dire. Siamo sordi&#8230; sono sordo, e me ne accorgo tante volte, quando le mie ragioni e le mie idee valgono di pi\u00f9 del valore della persona che ho davanti e mi dice le sue idee che sono diverse, e pian piano la trasformo da interlocutrice ad avversaria.<\/span><\/strong><\/p>\n<p style=\"text-align: justify;\"><strong><span style=\"font-family: arial, helvetica, sans-serif;\">Siamo sordi anche con Dio che ci sembra muto, quando non diamo mai spazio alla preghiera, all&#8217;ascolto della Parola di Dio, alla meditazione.<\/span><\/strong><\/p>\n<p style=\"text-align: justify;\"><strong><span style=\"font-family: arial, helvetica, sans-serif;\">Nel sordomuto guarito da Ges\u00f9 ci siamo tutti noi con le nostre sordit\u00e0\u00a0 umane e spirituali. E anche noi se siamo incapaci di ascoltare alla fine diventiamo incapaci di comunicare correttamente e diventiamo muti come l&#8217;uomo del Vangelo.<\/span><\/strong><\/p>\n<p style=\"text-align: justify;\"><strong><span style=\"font-family: arial, helvetica, sans-serif;\">La capacit\u00e0\u00a0 di parlare bene viene proprio dal saper bene ascoltare. Questo \u00e8 quello che in tanti anni di ministero come prete (sono ormai 28!) ho capito. Ho imparato a parlare in pubblico, superando abbastanza le paure iniziali. Ho adottato delle tecniche per superare l&#8217;ansia che mi bloccava, ma non \u00e8 stato solo questione di tecnica, ma proprio di ascolto. Ho imparato che se ascolto davvero Dio nella sua Parola e nel cuore, nulla mi pu\u00f2 ferire e la sua vicinanza mi sostiene. Ho imparato che se ascolto le persone (e non \u00e8 facile!!) prima ancora di preoccuparmi di cosa dire, alla fine &#8220;il cosa&#8221; dire viene fuori senza problemi e senza paura. Ho davvero imparato come prete ma ancor pi\u00f9 come cristiano e uomo che il vero segreto del sapere parlare viene dal saper ascoltare&#8230;<\/span><\/strong><\/p>\n<p style=\"text-align: justify;\"><span style=\"font-family: arial, helvetica, sans-serif;\">Giovanni don<\/span><\/p>\n","protected":false},"excerpt":{"rendered":"<p>DOMENICA 5 settembre 2021 XXIII anno B In quel tempo, Ges\u00f9, uscito dalla regione di Tiro, passando per Sid\u00f2ne, venne verso il mare di Galilea in pieno territorio della Dec\u00e0\u00a0poli. Gli portarono un sordomuto e lo pregarono di imporgli la mano. Lo prese in disparte, lontano dalla folla, gli pose le dita negli orecchi e con la saliva gli tocc\u00f2 la lingua; guardando quindi verso il cielo, emise un sospiro e gli disse: \u00abEffat\u00e0\u00a0\u00bb, cio\u00e8: \u00abApriti!\u00bb. E subito gli si aprirono gli orecchi, si sciolse il nodo della sua lingua e parlava correttamente. E comand\u00f2 loro di non dirlo a<\/p>\n","protected":false},"author":1,"featured_media":3723,"comment_status":"open","ping_status":"open","sticky":false,"template":"","format":"standard","meta":{"footnotes":""},"categories":[2],"tags":[],"class_list":["post-3610","post","type-post","status-publish","format-standard","has-post-thumbnail","hentry","category-commenti-al-vangelo"],"_links":{"self":[{"href":"https:\/\/www.gioba.it\/sito\/wp-json\/wp\/v2\/posts\/3610","targetHints":{"allow":["GET"]}}],"collection":[{"href":"https:\/\/www.gioba.it\/sito\/wp-json\/wp\/v2\/posts"}],"about":[{"href":"https:\/\/www.gioba.it\/sito\/wp-json\/wp\/v2\/types\/post"}],"author":[{"embeddable":true,"href":"https:\/\/www.gioba.it\/sito\/wp-json\/wp\/v2\/users\/1"}],"replies":[{"embeddable":true,"href":"https:\/\/www.gioba.it\/sito\/wp-json\/wp\/v2\/comments?post=3610"}],"version-history":[{"count":2,"href":"https:\/\/www.gioba.it\/sito\/wp-json\/wp\/v2\/posts\/3610\/revisions"}],"predecessor-version":[{"id":3724,"href":"https:\/\/www.gioba.it\/sito\/wp-json\/wp\/v2\/posts\/3610\/revisions\/3724"}],"wp:featuredmedia":[{"embeddable":true,"href":"https:\/\/www.gioba.it\/sito\/wp-json\/wp\/v2\/media\/3723"}],"wp:attachment":[{"href":"https:\/\/www.gioba.it\/sito\/wp-json\/wp\/v2\/media?parent=3610"}],"wp:term":[{"taxonomy":"category","embeddable":true,"href":"https:\/\/www.gioba.it\/sito\/wp-json\/wp\/v2\/categories?post=3610"},{"taxonomy":"post_tag","embeddable":true,"href":"https:\/\/www.gioba.it\/sito\/wp-json\/wp\/v2\/tags?post=3610"}],"curies":[{"name":"wp","href":"https:\/\/api.w.org\/{rel}","templated":true}]}}