{"id":3624,"date":"2021-09-24T18:03:01","date_gmt":"2021-09-24T18:03:01","guid":{"rendered":"http:\/\/www.gioba.it\/?p=3624"},"modified":"2022-01-05T13:47:12","modified_gmt":"2022-01-05T12:47:12","slug":"chiesa-esclusiva-o-inclusiva","status":"publish","type":"post","link":"https:\/\/www.gioba.it\/sito\/2021\/09\/24\/chiesa-esclusiva-o-inclusiva\/","title":{"rendered":"chiesa esclusiva o inclusiva"},"content":{"rendered":"<p style=\"text-align: justify;\"><strong><span style=\"font-family: arial, helvetica, sans-serif;\">DOMENICA 26 settembre 2021<\/span><\/strong><\/p>\n<p style=\"text-align: justify;\"><strong><span style=\"font-family: arial, helvetica, sans-serif;\">XXVI anno B<\/span><\/strong><\/p>\n<blockquote>\n<p style=\"text-align: justify;\"><span style=\"font-family: arial, helvetica, sans-serif;\">In quel tempo, Giovanni disse a Ges\u00f9: \u00abMaestro, abbiamo visto uno che scacciava dem\u00f2ni nel tuo nome e volevamo impedirglielo, perch\u00e8 non ci seguiva\u00bb. Ma Ges\u00f9 disse: \u00abNon glielo impedite, perch\u00e8 non c&#8217;\u00e8 nessuno che faccia un miracolo nel mio nome e subito possa parlare male di me: chi non \u00e8 contro di noi \u00e8 per noi.<\/span><br \/>\n<span style=\"font-family: arial, helvetica, sans-serif;\">Chiunque infatti vi dar\u00e0\u00a0 da bere un bicchiere d&#8217;acqua nel mio nome perch\u00e8 siete di Cristo, in verit\u00e0\u00a0 io vi dico, non perder\u00e0\u00a0 la sua ricompensa.<\/span><br \/>\n<span style=\"font-family: arial, helvetica, sans-serif;\">Chi scandalizzer\u00e0\u00a0 uno solo di questi piccoli che credono in me, \u00e8 molto meglio per lui che gli venga messa al collo una macina da mulino e sia gettato nel mare. Se la tua mano ti \u00e8 motivo di scandalo, tagliala: \u00e8 meglio per te entrare nella vita con una mano sola, anzich\u00e8 con le due mani andare nella Ge\u00e8nna, nel fuoco inestinguibile. E se il tuo piede ti \u00e8 motivo di scandalo, taglialo: \u00e8 meglio per te entrare nella vita con un piede solo, anzich\u00e8 con i due piedi essere gettato nella Ge\u00e8nna. E se il tuo occhio ti \u00e8 motivo di scandalo, gettalo via: \u00e8 meglio per te entrare nel regno di Dio con un occhio solo, anzich\u00e8 con due occhi essere gettato nella Ge\u00e8nna, dove il loro verme non muore e il fuoco non si estingue\u00bb.<\/span><\/p>\n<p style=\"text-align: justify;\"><span style=\"font-family: arial, helvetica, sans-serif;\">(dal Vangelo di Marco 9,38-43.45.47-48)<\/span><\/p>\n<\/blockquote>\n<p style=\"text-align: justify;\"><strong><span style=\"font-family: arial, helvetica, sans-serif;\">Per andare a messa la domenica green pass &#8220;si&#8221; oppure green pass &#8220;no&#8221;? Pu\u00f2 servire? Quali conseguenze porterebbe non solo dal punto di vista sanitario ma anche dal punto di vista comunitario?<\/span><\/strong><\/p>\n<p style=\"text-align: justify;\"><strong><span style=\"font-family: arial, helvetica, sans-serif;\">All&#8217;interno di tutto il dibattito sociale riguardo l&#8217;obbligatoriet\u00e0\u00a0 del certificato verde per gli eventi che aggregano persone (luoghi di ristoro, i trasporti, cinema e teatri, eventi civili e sportivi e anche luoghi di lavoro), si inserisce anche la questione se estendere o meno l&#8217;obbligo per gli eventi religiosi come nel caso di noi cristiani per la messa domenicale. Personalmente sono favorevole in questo periodo cos\u00ec problematico ad avere delle norme che aiutino tutti noi a controllare la diffusione dell&#8217;epidemia che proprio nell&#8217;aggregazione incontrollata trova forza, e anche i vescovi su questo si sono espressi favorevolmente, raccomandando la vaccinazione e il rispetto delle norme anticontagio anche negli ambienti parrocchiali. Chiedere in modo obbligatorio il certificato verde a chi viene in chiesa per pregare con la comunit\u00e0\u00a0 sicuramente rischia di mettere un ulteriore filtro che terrebbe fuori molte persone che per vari motivi non hanno il famoso certificato. E&#8217; giusto questo? Sottolineo l&#8217;espressione che ho usato, &#8220;ulteriore filtro&#8221;, perch\u00e8 penso che a tenere fuori molte persone dalla chiesa, sia dal punto di vista celebrativo che come vita comunitaria, non \u00e8 il chiedere o meno il green pass. Il lockdown dovuto alla pandemia non ha fatto altro che accelerare il progressivo svuotamento delle nostre assemblee domenicali e anche la partecipazione attiva alla vita comunitaria. Molti uomini e donne, soprattutto giovani e famiglie giovani, anche se battezzati, pian piano non hanno pi\u00f9 sentito il desiderio (e non dico obbligo) di partecipare alla preghiera comune nella loro comunit\u00e0\u00a0 cristiana. Come mai? Quale filtro le ha tenute lontane e le tiene ancora lontane?<\/span><\/strong><\/p>\n<p style=\"text-align: justify;\"><strong><span style=\"font-family: arial, helvetica, sans-serif;\">Il Vangelo di oggi ci presenta proprio uno degli amici e discepoli di Ges\u00f9, Giovanni fratello di Giacomo, che vorrebbe una comunit\u00e0\u00a0 di discepoli chiusa ed &#8220;esclusiva&#8221; nel senso letterale del termine. Lui con gli altri ha visto qualcuno che compie gesti prodigiosi e buoni (miracoli come scrive l&#8217;evangelista) nel nome di Ges\u00f9, ma non facendo esplicitamente parte del gruppo glielo vorrebbero impedire: devi essere dei nostri in modo chiaro ed evidente, devi avere tutti i riconoscimenti ufficiali e la nostra divisa, altrimenti non puoi fare quello che \u00e8 esclusivo nostro! Ecco fin da subito i primi filtri che &#8220;tengono fuori&#8221; e rischiano davvero di creare una comunit\u00e0\u00a0 esclusiva. Ma Ges\u00f9 non vuole una comunit\u00e0\u00a0 esclusiva ma inclusiva, cio\u00e8 aperta a tutti coloro che in un modo o nell&#8217;altro, anche con poco (un bicchiere d&#8217;acqua), vivono nella direzione del Vangelo e degli insegnamenti suoi.<\/span><\/strong><\/p>\n<p style=\"text-align: justify;\"><strong><span style=\"font-family: arial, helvetica, sans-serif;\">Ges\u00f9 va gi\u00f9 davvero in modo duro proprio con i suoi quando vogliono &#8220;chiudere&#8221; la comunit\u00e0\u00a0 e quindi la futura Chiesa. &#8220;Chi scandalizzer\u00e0\u00a0 uno di questi piccoli che credono in me&#8230;&#8221;, significa mettere impedimento, bloccare chi \u00e8 piccolo nella fede. Il &#8220;piccolo&#8221; in questo caso infatti non \u00e8 il bambino, ma \u00e8 chi \u00e8 piccolo nel cammino cristiano, agli inizi, vicino anche con pochi gesti. Scandalizzare significa assumere atteggiamenti e mettere in atto comportamenti, che alzano paletti e barriere che alla fine bloccano la crescita di chi potrebbe crescere come discepolo, e rendono la comunit\u00e0\u00a0 cristiana un club esclusivo di pochi eletti che si credono perfetti e unici detentori delle verit\u00e0\u00a0 di Dio.<\/span><\/strong><\/p>\n<p style=\"text-align: justify;\"><strong><span style=\"font-family: arial, helvetica, sans-serif;\">Ges\u00f9 non vuole questo, per lui se uno fa cos\u00ec \u00e8 meglio che sparisca del tutto, anche fosse il rappresentante pi\u00f9 alto della comunit\u00e0\u00a0.<\/span><\/strong><\/p>\n<p style=\"text-align: justify;\"><strong><span style=\"font-family: arial, helvetica, sans-serif;\">E allora mi domando se quello che tiene fuori dalla chiesa la domenica e anche dalla Chiesa come comunit\u00e0\u00a0 di persone non sia tanto il certificato verde chiesto in questo periodo alle porte, oppure sia proprio chi sta dentro che con il suo modo di fare e giudicare alla fine fa da barriera e scandalo. Certamente molti stanno fuori dalla chiesa e dalla comunit\u00e0\u00a0 perch\u00e8 hanno perso l&#8217;abitudine, perch\u00e8 non approfondiscono il Vangelo e si sono dimenticati di coltivare la fede, ma la domanda me la faccio personalmente: quanto sono esclusivo nel mio modo di pormi verso il prossimo? Quando la mia vita di cristiano diventa non di stimolo a ritornare ma invece barriera che allontana? Quando chi mi incontra e mi parla sperimenta Ges\u00f9 che gli tende la mano e gli apre la porta invece di chiedergli obblighi e pesi che per il momento non riesce a portare?<\/span><\/strong><\/p>\n<p style=\"text-align: justify;\"><span style=\"font-family: arial, helvetica, sans-serif;\">Giovanni don<\/span><\/p>\n","protected":false},"excerpt":{"rendered":"<p>DOMENICA 26 settembre 2021 XXVI anno B In quel tempo, Giovanni disse a Ges\u00f9: \u00abMaestro, abbiamo visto uno che scacciava dem\u00f2ni nel tuo nome e volevamo impedirglielo, perch\u00e8 non ci seguiva\u00bb. Ma Ges\u00f9 disse: \u00abNon glielo impedite, perch\u00e8 non c&#8217;\u00e8 nessuno che faccia un miracolo nel mio nome e subito possa parlare male di me: chi non \u00e8 contro di noi \u00e8 per noi. Chiunque infatti vi dar\u00e0\u00a0 da bere un bicchiere d&#8217;acqua nel mio nome perch\u00e8 siete di Cristo, in verit\u00e0\u00a0 io vi dico, non perder\u00e0\u00a0 la sua ricompensa. Chi scandalizzer\u00e0\u00a0 uno solo di questi piccoli che credono in<\/p>\n","protected":false},"author":1,"featured_media":3717,"comment_status":"open","ping_status":"open","sticky":false,"template":"","format":"standard","meta":{"footnotes":""},"categories":[2],"tags":[],"class_list":["post-3624","post","type-post","status-publish","format-standard","has-post-thumbnail","hentry","category-commenti-al-vangelo"],"_links":{"self":[{"href":"https:\/\/www.gioba.it\/sito\/wp-json\/wp\/v2\/posts\/3624","targetHints":{"allow":["GET"]}}],"collection":[{"href":"https:\/\/www.gioba.it\/sito\/wp-json\/wp\/v2\/posts"}],"about":[{"href":"https:\/\/www.gioba.it\/sito\/wp-json\/wp\/v2\/types\/post"}],"author":[{"embeddable":true,"href":"https:\/\/www.gioba.it\/sito\/wp-json\/wp\/v2\/users\/1"}],"replies":[{"embeddable":true,"href":"https:\/\/www.gioba.it\/sito\/wp-json\/wp\/v2\/comments?post=3624"}],"version-history":[{"count":2,"href":"https:\/\/www.gioba.it\/sito\/wp-json\/wp\/v2\/posts\/3624\/revisions"}],"predecessor-version":[{"id":3718,"href":"https:\/\/www.gioba.it\/sito\/wp-json\/wp\/v2\/posts\/3624\/revisions\/3718"}],"wp:featuredmedia":[{"embeddable":true,"href":"https:\/\/www.gioba.it\/sito\/wp-json\/wp\/v2\/media\/3717"}],"wp:attachment":[{"href":"https:\/\/www.gioba.it\/sito\/wp-json\/wp\/v2\/media?parent=3624"}],"wp:term":[{"taxonomy":"category","embeddable":true,"href":"https:\/\/www.gioba.it\/sito\/wp-json\/wp\/v2\/categories?post=3624"},{"taxonomy":"post_tag","embeddable":true,"href":"https:\/\/www.gioba.it\/sito\/wp-json\/wp\/v2\/tags?post=3624"}],"curies":[{"name":"wp","href":"https:\/\/api.w.org\/{rel}","templated":true}]}}