{"id":3641,"date":"2021-10-23T10:16:36","date_gmt":"2021-10-23T10:16:36","guid":{"rendered":"http:\/\/www.gioba.it\/?p=3641"},"modified":"2022-01-05T14:54:31","modified_gmt":"2022-01-05T13:54:31","slug":"ciechi-tutti","status":"publish","type":"post","link":"https:\/\/www.gioba.it\/sito\/2021\/10\/23\/ciechi-tutti\/","title":{"rendered":"ciechi tutti"},"content":{"rendered":"<p style=\"text-align: justify;\">\n<p><em><span style=\"font-family: arial, helvetica, sans-serif;\">Siamo ciechi anche se ci vediamo bene fisicamente, perch\u00e9\u00a0non vediamo chi ci sta accanto o lo vediamo solo fuori e non quello che ha dentro. Non vediamo e mendichiamo felicit\u00e0\u00a0 e amore senza accorgerci che sono l\u00ec davanti a noi, nel fratello e sorella che cercano anche loro la felicit\u00e0\u00a0 e il nostro amore<\/span><\/em><!--more--><\/p>\n<p style=\"text-align: justify;\"><strong><span style=\"font-family: arial, helvetica, sans-serif;\">DOMENICA 24 ottobre 2021<\/span><\/strong><\/p>\n<p style=\"text-align: justify;\"><strong><span style=\"font-family: arial, helvetica, sans-serif;\">XXX anno B<\/span><\/strong><\/p>\n<p style=\"text-align: justify;\"><strong><span style=\"font-family: arial, helvetica, sans-serif;\">GIORNATA MISSIONARIA MONDIALE<\/span><\/strong><\/p>\n<blockquote>\n<p style=\"text-align: justify;\"><span style=\"font-family: arial, helvetica, sans-serif;\">In quel tempo, mentre Ges\u00f9 partiva da G\u00e8rico insieme ai suoi discepoli e a molta folla, il figlio di Tim\u00e8o, Bartim\u00e8o, che era cieco, sedeva lungo la strada a mendicare. Sentendo che era Ges\u00f9 Nazareno, cominci\u00f2 a gridare e a dire: \u00abFiglio di Davide, Ges\u00f9, abbi piet\u00e0\u00a0 di me!\u00bb.<\/span><br \/>\n<span style=\"font-family: arial, helvetica, sans-serif;\">Molti lo rimproveravano perch\u00e8 tacesse, ma egli gridava ancora pi\u00f9 forte: \u00abFiglio di Davide, abbi piet\u00e0\u00a0 di me!\u00bb.<\/span><br \/>\n<span style=\"font-family: arial, helvetica, sans-serif;\">Ges\u00f9 si ferm\u00f2 e disse: \u00abChiamatelo!\u00bb. Chiamarono il cieco, dicendogli: \u00abCoraggio! \u00e0lzati, ti chiama!\u00bb. Egli, gettato via il suo mantello, balz\u00f2 in piedi e venne da Ges\u00f9.<\/span><br \/>\n<span style=\"font-family: arial, helvetica, sans-serif;\">Allora Ges\u00f9 gli disse: \u00abChe cosa vuoi che io faccia per te?\u00bb. E il cieco gli rispose: \u00abRabbun\u00ec, che io veda di nuovo!\u00bb. E Ges\u00f9 gli disse: \u00abVa&#8217;, la tua fede ti ha salvato\u00bb. E subito vide di nuovo e lo seguiva lungo la strada.<\/span><\/p>\n<p style=\"text-align: justify;\"><span style=\"font-family: arial, helvetica, sans-serif;\">(dal Vangelo di Marco 10,46-52)<\/span><\/p>\n<\/blockquote>\n<p style=\"text-align: justify;\"><strong><span style=\"font-family: arial, helvetica, sans-serif;\">Ricordo di aver visto in qualche foto di citt\u00e0\u00a0 straniere quei pali della luce o dei cartelli imbottiti ad altezza uomo lungo le strade per evitare che chi \u00e8 chinato sul cellulare mentre cammina vada a sbattere. Sembravano solo una provocazione ma penso che siano in realt\u00e0\u00a0 un buffo simbolo della nostra societ\u00e0\u00a0 oggi. E&#8217; vero siamo sempre pi\u00f9 distratti e con la visuale corta e ristretta solo a quello che ci interessa. Non sappiamo guardare oltre il cellulare, oltre i nostri interessi e schemi mentali. Tutto il resto rimane ai margini e l&#8217;unica preoccupazione \u00e8 che non ci sbattiamo contro e ci distolgano dalle nostre cose.<\/span><\/strong><\/p>\n<p style=\"text-align: justify;\"><strong><span style=\"font-family: arial, helvetica, sans-serif;\">L&#8217;azione del brano di Vangelo di questa domenica, si svolge proprio lungo una strada, una strada importante e trafficata, che da Gerico sale a Gerusalemme. Ai bordi della strada ci stanno i soliti mendicanti che &#8220;sfruttano&#8221; il via vai della gente e dei pellegrini che salgono alla citt\u00e0\u00a0 santa, per poter racimolare qualche soldo. C&#8217;\u00e8 anche questo cieco (condizione che lo rende vulnerabile e povero&#8230; e anche maledetto secondo la mentalit\u00e0\u00a0 di allora) che non solo non vede ma rischia di non essere veduto. La gente fa barriera tra lui e Ges\u00f9, l&#8217;unico che forse pu\u00f2 fare davvero qualcosa per lui. E&#8217; un cieco che \u00e8 circondato da ciechi che non vedono altro che la sua condizione e non certo la sua anima, i suoi desideri pi\u00f9 profondi, la sua voglia di riscatto. &#8220;il Maestro non si pu\u00f2 disturbare mentre sale a Gerusalemme&#8221;, pensano quelli che stanno attorno a Ges\u00f9, compresi i suoi discepoli, che come al solito non vedono oltre il loro naso e non vedono quello che Ges\u00f9 vede. Anche il povero cieco non vede bene chi \u00e8 Ges\u00f9, lo chiama &#8220;Figlio di Davide&#8221; usando una formula tradizionale che ha bisogno di essere illuminata. La sua fede \u00e8 ancora piccola, ma \u00e8 gi\u00e0\u00a0 sufficiente per farlo gridare pi\u00f9 forte degli impedimenti ed \u00e8 pronta a fare un balzo.<\/span><\/strong><\/p>\n<p style=\"text-align: justify;\"><strong><span style=\"font-family: arial, helvetica, sans-serif;\">Quando \u00e8 chiamato da Ges\u00f9 diventa capace di abbandonare ogni sicurezza e cautela, e anche se cieco riesce ad arrivare a Ges\u00f9. Il Signore non potr\u00e0\u00a0 che riconoscere la sua fede, perch\u00e8 la &#8220;vede&#8221; nei suoi gesti (lascia il mantello con i pochi spiccioli dell&#8217;elemosina, balza in piedi e anche a costo di sbattere e inciampare va verso di lui&#8230;.). Ges\u00f9 lo vede per quello che \u00e8 dentro e non solo per la sua cecit\u00e0\u00a0. Ges\u00f9 che non \u00e8 cieco spiritualmente, vede l&#8217;uomo e non solo il povero mendicante cieco che d\u00e0\u00a0 fastidio&#8230;<\/span><\/strong><\/p>\n<p style=\"text-align: justify;\"><span style=\"font-family: arial, helvetica, sans-serif;\"><span style=\"font-family: arial, helvetica, sans-serif;\"><b>Siamo ciechi anche se ci vediamo bene fisicamente, perch\u00e9\u00a0non vediamo chi ci sta accanto o lo vediamo solo fuori e non quello che ha dentro. Non vediamo e mendichiamo felicit\u00e0\u00a0 e amore senza accorgerci che sono l\u00ec davanti a noi, nel fratello e sorella che cercano anche loro la felicit\u00e0\u00a0 e il nostro amore. Non vediamo l&#8217;amore che abbiamo nel cuore troppo occupati a vedere i soldi che abbiamo in tasca o il potere e consenso che possiamo accumulare pubblicamente. Le paure ci accecano cos\u00ec come l&#8217;egoismo. Non vediamo forse perch\u00e8 qualcuno ci mette in disparte e fa da &#8220;schermo&#8221; al mondo e noi stessi diventiamo barriera per chi vuole vedere e farsi vedere da Dio e dagli altri.<\/b><\/span><\/span><\/p>\n<p style=\"text-align: justify;\"><strong><span style=\"font-family: arial, helvetica, sans-serif;\">Per avere la vista devo lasciare qualcosa, le mie sicurezze che forse mi accecano. Come Bartimeo devo essere capace di lasciare qualcosa e lanciarmi verso Ges\u00f9, dietro la sua parola e la sua proposta&#8230; che illuminano pi\u00f9 di tutto.<\/span><\/strong><\/p>\n<p style=\"text-align: justify;\"><span style=\"font-family: arial, helvetica, sans-serif;\">Giovanni don<\/span><\/p>\n","protected":false},"excerpt":{"rendered":"<p>Siamo ciechi anche se ci vediamo bene fisicamente, perch\u00e9\u00a0non vediamo chi ci sta accanto o lo vediamo solo fuori e non quello che ha dentro. Non vediamo e mendichiamo felicit\u00e0\u00a0 e amore senza accorgerci che sono l\u00ec davanti a noi, nel fratello e sorella che cercano anche loro la felicit\u00e0\u00a0 e il nostro amore<\/p>\n","protected":false},"author":1,"featured_media":3710,"comment_status":"open","ping_status":"open","sticky":false,"template":"","format":"standard","meta":{"footnotes":""},"categories":[2],"tags":[],"class_list":["post-3641","post","type-post","status-publish","format-standard","has-post-thumbnail","hentry","category-commenti-al-vangelo"],"_links":{"self":[{"href":"https:\/\/www.gioba.it\/sito\/wp-json\/wp\/v2\/posts\/3641","targetHints":{"allow":["GET"]}}],"collection":[{"href":"https:\/\/www.gioba.it\/sito\/wp-json\/wp\/v2\/posts"}],"about":[{"href":"https:\/\/www.gioba.it\/sito\/wp-json\/wp\/v2\/types\/post"}],"author":[{"embeddable":true,"href":"https:\/\/www.gioba.it\/sito\/wp-json\/wp\/v2\/users\/1"}],"replies":[{"embeddable":true,"href":"https:\/\/www.gioba.it\/sito\/wp-json\/wp\/v2\/comments?post=3641"}],"version-history":[{"count":3,"href":"https:\/\/www.gioba.it\/sito\/wp-json\/wp\/v2\/posts\/3641\/revisions"}],"predecessor-version":[{"id":3808,"href":"https:\/\/www.gioba.it\/sito\/wp-json\/wp\/v2\/posts\/3641\/revisions\/3808"}],"wp:featuredmedia":[{"embeddable":true,"href":"https:\/\/www.gioba.it\/sito\/wp-json\/wp\/v2\/media\/3710"}],"wp:attachment":[{"href":"https:\/\/www.gioba.it\/sito\/wp-json\/wp\/v2\/media?parent=3641"}],"wp:term":[{"taxonomy":"category","embeddable":true,"href":"https:\/\/www.gioba.it\/sito\/wp-json\/wp\/v2\/categories?post=3641"},{"taxonomy":"post_tag","embeddable":true,"href":"https:\/\/www.gioba.it\/sito\/wp-json\/wp\/v2\/tags?post=3641"}],"curies":[{"name":"wp","href":"https:\/\/api.w.org\/{rel}","templated":true}]}}