{"id":3974,"date":"2022-08-06T12:25:58","date_gmt":"2022-08-06T10:25:58","guid":{"rendered":"https:\/\/www.gioba.it\/sito\/?p=3974"},"modified":"2022-08-06T16:48:17","modified_gmt":"2022-08-06T14:48:17","slug":"dio-su-una-cassa-di-patate","status":"publish","type":"post","link":"https:\/\/www.gioba.it\/sito\/2022\/08\/06\/dio-su-una-cassa-di-patate\/","title":{"rendered":"Dio su una cassa di patate"},"content":{"rendered":"<p><em>Siamo noi il pi\u00f9 grande rischio di Dio, perch\u00e8 a noi Lui ha affidato quello che ha creato, e anche il cuore con il quale ha fatto il mondo. Siamo noi a custodire Dio e il suo Regno, dentro la povert\u00e0 della nostra vita. Dio ha voluto fidarsi dell&#8217;uomo, di me, di noi&#8230; perch\u00e8 il suo amore vede pi\u00f9 in la della miopia dell&#8217;odio.<\/em><\/p>\n<p><em>DOMENICA 7 agosto 2022 XIX anno C<\/em><!--more--><\/p>\n<p>&nbsp;<\/p>\n<blockquote><p>In quel tempo, Ges\u00f9 disse ai suoi discepoli:<\/p>\n<p>\u00abNon temere, piccolo gregge, perch\u00e9 al Padre vostro \u00e8 piaciuto dare a voi il Regno.<\/p>\n<p>Vendete ci\u00f2 che possedete e datelo in elemosina; fatevi borse che non invecchiano, un tesoro sicuro nei cieli, dove ladro non arriva e tarlo non consuma. Perch\u00e9, dov\u2019\u00e8 il vostro tesoro, l\u00e0 sar\u00e0 anche il vostro cuore.<\/p>\n<p>Siate pronti, con le vesti strette ai fianchi e le lampade accese; siate simili a quelli che aspettano il loro padrone quando torna dalle nozze, in modo che, quando arriva e bussa, gli aprano subito.<\/p>\n<p>Beati quei servi che il padrone al suo ritorno trover\u00e0 ancora svegli; in verit\u00e0 io vi dico, si stringer\u00e0 le vesti ai fianchi, li far\u00e0 mettere a tavola e passer\u00e0 a servirli. E se, giungendo nel mezzo della notte o prima dell\u2019alba, li trover\u00e0 cos\u00ec, beati loro!<\/p>\n<p>Cercate di capire questo: se il padrone di casa sapesse a quale ora viene il ladro, non si lascerebbe scassinare la casa. Anche voi tenetevi pronti perch\u00e9, nell\u2019ora che non immaginate, viene il Figlio dell\u2019uomo\u00bb.<\/p>\n<p>Allora Pietro disse: \u00abSignore, questa parabola la dici per noi o anche per tutti?\u00bb.<\/p>\n<p>Il Signore rispose: \u00abChi \u00e8 dunque l\u2019amministratore fidato e prudente, che il padrone metter\u00e0 a capo della sua servit\u00f9 per dare la razione di cibo a tempo debito? Beato quel servo che il padrone, arrivando, trover\u00e0 ad agire cos\u00ec. Davvero io vi dico che lo metter\u00e0 a capo di tutti i suoi averi.<\/p>\n<p>Ma se quel servo dicesse in cuor suo: \u201cIl mio padrone tarda a venire\u201d, e cominciasse a percuotere i servi e le serve, a mangiare, a bere e a ubriacarsi, il padrone di quel servo arriver\u00e0 un giorno in cui non se l\u2019aspetta e a un\u2019ora che non sa, lo punir\u00e0 severamente e gli infligger\u00e0 la sorte che meritano gli infedeli.<\/p>\n<p>Il servo che, conoscendo la volont\u00e0 del padrone, non avr\u00e0 disposto o agito secondo la sua volont\u00e0, ricever\u00e0 molte percosse; quello invece che, non conoscendola, avr\u00e0 fatto cose meritevoli di percosse, ne ricever\u00e0 poche.<\/p>\n<p>A chiunque fu dato molto, molto sar\u00e0 chiesto; a chi fu affidato molto, sar\u00e0 richiesto molto di pi\u00f9\u00bb.<\/p>\n<p>(dal Vangelo di Luca 12,32-48)<\/p><\/blockquote>\n<p>&nbsp;<\/p>\n<p>&nbsp;<\/p>\n<p>L\u2019altro giorno mi aggiravo nel chiostro del Santuario della Madonna del Carmine qui sul Lago di Garda, e mi hanno colpito i pannelli di una installazione che ricorda la storia di padre Tito Brandsma. Il carmelitano \u00e8 stato proclamato Santo da papa Francesco a maggio di quest\u2019anno, e proprio a fine luglio si sono celebrati gli 80 anni dalla sua morte per iniezione letale nel campo di concentramento di Dachau.<\/p>\n<p>Padre Brandsma, nato in Olanda nel 1881, era un grande predicatore, teologo e giornalista, durante l\u2019occupazione nazista dell\u2019Olanda all\u2019inizio degli anni 40 si oppone apertamente all\u2019ideologia nazionalsocialista, anche a rischio della persecuzione personale. Viene infatti arrestato all\u2019inizio del \u201942 e dopo vari trasferimenti in vari campi di prigionia e lavori forzati, finisce a Dachau in Germania dove muore.<a href=\"https:\/\/www.gioba.it\/sito\/wp-content\/uploads\/2022\/08\/20220805_113720.jpg\"><img loading=\"lazy\" decoding=\"async\" class=\"wp-image-3977 alignleft\" src=\"https:\/\/www.gioba.it\/sito\/wp-content\/uploads\/2022\/08\/20220805_113720.jpg\" alt=\"\" width=\"283\" height=\"377\" srcset=\"https:\/\/www.gioba.it\/sito\/wp-content\/uploads\/2022\/08\/20220805_113720.jpg 697w, https:\/\/www.gioba.it\/sito\/wp-content\/uploads\/2022\/08\/20220805_113720-225x300.jpg 225w\" sizes=\"auto, (max-width: 283px) 100vw, 283px\" \/><\/a><\/p>\n<p>Tra i vari racconti e immagini che mi hanno colpito nella sua storia esposta nel santuario, c\u2019\u00e8 quella della predica nella baracca del campo di prigionia di Amersfoort il Venerd\u00ec Santo del 1942. Di quella sua predica rimane il disegno di un prigioniero e la testimonianza di un altro. Chi racconta quell\u2019evento ammette di non ricordare tutto quello che padre Tito disse, ma di aver ben presente il clima e il calore al cuore che padre Tito trasmise con le sue parole da un pulpito improvvisato di una cassa di patate, rasato a zero e con indosso una puzzolente casacca da prigioniero. Tutti in quella baracca erano ugualmente tristi e miseri in quelle condizioni che bene esprimevano la totale miseria che li accomunava, senza libert\u00e0, senza beni, con poco cibo e senza nemmeno la salute e un futuro certo. Eppure i testimoni ricordano bene come quella predica sulla Passione di Cristo arricch\u00ec a tal punto il loro cuore che per molti divenne il nutrimento pi\u00f9 potente di tutti, anche per chi non si dichiarava credente.<\/p>\n<p>Oggi, 80 anni dopo, siamo in un periodo storico molto diverso, ma per molti aspetti molto simile a quello nella violenza e nel pericolo. Oggi le nazioni pi\u00f9 grandi e ricche, cos\u00ec come tanti potenti della terra, mostrano l\u2019uno contro l\u2019altro i muscoli delle armi e dei mezzi tecnologici e economici, e questo sembra diventare anche lo stile che abbiamo tra di noi, nei rapporti umani. Le parole di Ges\u00f9 ai suoi piccoli e poveri discepoli diventano quindi estremamente provocatorie e attuali: \u201cNon temere, piccolo gregge, perch\u00e9 al Padre vostro \u00e8 piaciuto dare a voi il Regno\u2026\u201d.<\/p>\n<p>A noi uomini, a noi cristiani, a me con le mie piccolezze e povert\u00e0 \u00e8 affidato il messaggio di Dio, il suo piano per un mondo di fraternit\u00e0 e di cuori uniti. Non devo farmi spaventare dalla cattiveria che mi circonda ma nemmeno dalle mie piccole cattiverie e limiti. A me, a noi, \u00e8 affidato il Regno di Dio qui sulla terra, e possiamo farlo crescere nella misura in cui al posto della violenza cerchiamo la pace, al posto dell\u2019accumulare beni e mezzi di forza apriamo le mani e doniamo, se al posto di fare i muscoli apriamo il cuore al fratello. Forse non tutti ricorderanno quello che faremo nella direzione del bene ma Dio lo ricorda sempre, e continua ad affidare alla nostra povert\u00e0 la ricchezza del suo amore.<\/p>\n<p><a href=\"https:\/\/www.gioba.it\/sito\/wp-content\/uploads\/2022\/08\/20220805_113858.jpg\"><img loading=\"lazy\" decoding=\"async\" class=\" wp-image-3978 alignright\" src=\"https:\/\/www.gioba.it\/sito\/wp-content\/uploads\/2022\/08\/20220805_113858.jpg\" alt=\"\" width=\"264\" height=\"219\" srcset=\"https:\/\/www.gioba.it\/sito\/wp-content\/uploads\/2022\/08\/20220805_113858.jpg 1118w, https:\/\/www.gioba.it\/sito\/wp-content\/uploads\/2022\/08\/20220805_113858-300x249.jpg 300w, https:\/\/www.gioba.it\/sito\/wp-content\/uploads\/2022\/08\/20220805_113858-1024x850.jpg 1024w, https:\/\/www.gioba.it\/sito\/wp-content\/uploads\/2022\/08\/20220805_113858-768x637.jpg 768w\" sizes=\"auto, (max-width: 264px) 100vw, 264px\" \/><\/a>Se padre Tito Brandsma da una cassa di patate in un oscuro campo di concentramento, circondato da violenza e morte, ha saputo trasmettere al cuore degli altri il Regno di Dio, lo posso fare anche io, lo possiamo fare anche noi\u2026 anche in mezzo alle violenze del nostro mondo.<\/p>\n<p>Giovanni don<\/p>\n","protected":false},"excerpt":{"rendered":"<p>Siamo noi il pi\u00f9 grande rischio di Dio, perch\u00e8 a noi Lui ha affidato quello che ha creato, e anche il cuore con il quale ha fatto il mondo. Siamo noi a custodire Dio e il suo Regno, dentro la povert\u00e0 della nostra vita. Dio ha voluto fidarsi dell&#8217;uomo, di me, di noi&#8230; perch\u00e8 il suo amore vede pi\u00f9 in la della miopia dell&#8217;odio. DOMENICA 7 agosto 2022 XIX anno C<\/p>\n","protected":false},"author":1,"featured_media":3975,"comment_status":"open","ping_status":"open","sticky":false,"template":"","format":"standard","meta":{"footnotes":""},"categories":[2],"tags":[],"class_list":["post-3974","post","type-post","status-publish","format-standard","has-post-thumbnail","hentry","category-commenti-al-vangelo"],"_links":{"self":[{"href":"https:\/\/www.gioba.it\/sito\/wp-json\/wp\/v2\/posts\/3974","targetHints":{"allow":["GET"]}}],"collection":[{"href":"https:\/\/www.gioba.it\/sito\/wp-json\/wp\/v2\/posts"}],"about":[{"href":"https:\/\/www.gioba.it\/sito\/wp-json\/wp\/v2\/types\/post"}],"author":[{"embeddable":true,"href":"https:\/\/www.gioba.it\/sito\/wp-json\/wp\/v2\/users\/1"}],"replies":[{"embeddable":true,"href":"https:\/\/www.gioba.it\/sito\/wp-json\/wp\/v2\/comments?post=3974"}],"version-history":[{"count":3,"href":"https:\/\/www.gioba.it\/sito\/wp-json\/wp\/v2\/posts\/3974\/revisions"}],"predecessor-version":[{"id":3980,"href":"https:\/\/www.gioba.it\/sito\/wp-json\/wp\/v2\/posts\/3974\/revisions\/3980"}],"wp:featuredmedia":[{"embeddable":true,"href":"https:\/\/www.gioba.it\/sito\/wp-json\/wp\/v2\/media\/3975"}],"wp:attachment":[{"href":"https:\/\/www.gioba.it\/sito\/wp-json\/wp\/v2\/media?parent=3974"}],"wp:term":[{"taxonomy":"category","embeddable":true,"href":"https:\/\/www.gioba.it\/sito\/wp-json\/wp\/v2\/categories?post=3974"},{"taxonomy":"post_tag","embeddable":true,"href":"https:\/\/www.gioba.it\/sito\/wp-json\/wp\/v2\/tags?post=3974"}],"curies":[{"name":"wp","href":"https:\/\/api.w.org\/{rel}","templated":true}]}}