{"id":4013,"date":"2022-10-01T10:22:54","date_gmt":"2022-10-01T08:22:54","guid":{"rendered":"https:\/\/www.gioba.it\/sito\/?p=4013"},"modified":"2022-10-01T11:29:46","modified_gmt":"2022-10-01T09:29:46","slug":"senza-domanda-non-ce-risposta","status":"publish","type":"post","link":"https:\/\/www.gioba.it\/sito\/2022\/10\/01\/senza-domanda-non-ce-risposta\/","title":{"rendered":"senza domanda non c&#8217;\u00e8 risposta"},"content":{"rendered":"<p><em>i discepoli sono provocati dagli insegnamenti Ges\u00f9, sempre pi\u00f9 esigenti ma anche capaci di cambiare davvero il mondo. Per questo formulano la domanda che \u00e8 fondamentale per ogni cammino cristiano vero: &#8220;accresci in noi la fede&#8221;. E&#8217; anche la nostra domanda? Siamo disposti a metterci in discussione fino in fondo?<\/em><\/p>\n<p><em>(DOMENICA 2 ottobre 2022, XXVII anno C)<\/em><!--more--><\/p>\n<p>&nbsp;<\/p>\n<blockquote><p>In quel tempo, gli apostoli dissero al Signore: \u00abAccresci in noi la fede!\u00bb.<br \/>\nIl Signore rispose: \u00abSe aveste fede quanto un granello di senape, potreste dire a questo gelso: \u201cSr\u00e0dicati e vai a piantarti nel mare\u201d, ed esso vi obbedirebbe.<br \/>\nChi di voi, se ha un servo ad arare o a pascolare il gregge, gli dir\u00e0, quando rientra dal campo: \u201cVieni subito e mettiti a tavola\u201d? Non gli dir\u00e0 piuttosto: \u201cPrepara da mangiare, str\u00edngiti le vesti ai fianchi e s\u00e9rvimi, finch\u00e9 avr\u00f2 mangiato e bevuto, e dopo mangerai e berrai tu\u201d? Avr\u00e0 forse gratitudine verso quel servo, perch\u00e9 ha eseguito gli ordini ricevuti?<br \/>\nCos\u00ec anche voi, quando avrete fatto tutto quello che vi \u00e8 stato ordinato, dite: \u201cSiamo servi inutili. Abbiamo fatto quanto dovevamo fare\u201d\u00bb<\/p>\n<p>(dal Vangelo di Luca 17,5-10)<\/p><\/blockquote>\n<p>&nbsp;<\/p>\n<p>In questi giorni mi sono ritrovato con le catechiste della parrocchia per programmare il percorso di catechesi dai bambini del primo anno della scuola elementare fino ai ragazzi dell\u2019et\u00e0 della scuola media.<\/p>\n<p>I loro genitori hanno cominciato gi\u00e0 da tempo a domandare quando inizia il catechismo, in qualche giorno e orario, quali le date per prima comunione e cresima. A queste domande delle famiglie si aggiunge sempre quella delle catechiste e anche del sottoscritto che \u00e8 \u201cchi\u201d porter\u00e0 avanti l\u2019impegno di seguire i bambini e i ragazzi, perch\u00e9 \u00e8 sempre pi\u00f9 difficile trovare persone disposte a dedicare tempo ed energie per fare il catechista. E poi pensando al cammino sorge di conseguenza anche la domanda \u201cche cosa facciamo?\u201d, \u201cquali sussidi e quale percorso?\u201d<\/p>\n<p>Sono tante domande in cerca di risposte pratiche e organizzative, ma sembra sempre mancare quella che secondo me dovrebbe stare alla base di tutta l\u2019organizzazione di una comunit\u00e0 a livello pastorale e catechistico: la domanda di fede. Se non c\u2019\u00e8 questa richiesta, tutto quanto perde senso e forza, anzi la mancanza della domanda sincera di fede trasforma la pastorale parrocchiale in una forzatura che non serve a nulla se non addirittura arriva a fare danni.<\/p>\n<p>\u201cAccresci in noi la fede!\u201d, \u00e8 domanda posta dagli apostoli a Ges\u00f9, che nel modo con il quale \u00e8 riportata dall\u2019evangelista, sembra quasi pi\u00f9 un grido di aiuto, come quello dei tanti malati che avvicinavano il Maestro per essere guariti.<\/p>\n<p>Poche righe prima di questo episodio che ascoltiamo, Ges\u00f9 insegna ai suoi amici e discepoli l\u2019importanza di perdonare sempre, perch\u00e9 \u00e8 sulla misericordia che si fonda la comunit\u00e0 e la stessa convivenza tra esseri umani. Davanti a questo insegnamento cos\u00ec forte e difficile da credere, nasce nei discepoli la domanda \u201caccresci in noi la fede\u201d. I discepoli non dicono di non avere fede, ma si accorgono che di fronte alla proposta di Ges\u00f9 \u00e8 troppo piccola e inadeguata. La fede non si crea dal nulla e non la dona Dio. La fede \u00e8 sempre la riposta libera dell\u2019uomo alla proposta di Dio attraverso il Vangelo. Io credo nel Vangelo, ma a volte sento che non ci credo abbastanza e perdo fiducia e entusiasmo di poterlo vivere. Conosco le parole di Ges\u00f9 ma non bene e in profondit\u00e0. Ci provo a di mettere in pratica gli insegnamenti del Vangelo, ma sempre in maniera parziale e non totalmente coerente.<\/p>\n<p>La mia fede, la nostra fede \u00e8 sempre piccola e inadeguata, per questo possiamo fare nostra la domanda del Vangelo: \u201cGes\u00f9 accresci la nostra fede\u201d, Ges\u00f9 facci conoscere di pi\u00f9 la tua proposta, sostieni i nostri tentativi di metterla in pratica, perdona le incoerenze, non farci sentire soli.<\/p>\n<p>Ges\u00f9 promette che anche una fede piccola come un semino \u00e8 capace di miracoli e di cambiare il mondo. Dobbiamo solo riscoprire questa fede e farla crescere noi stessi, aiutandoci gli uni gli altri. \u00c8 da questo che troviamo il senso del vivere come comunit\u00e0, il senso dell\u2019esperienza di Chiesa: aiutarci nel cammino di fede, aiutarci reciprocamente ad accrescere la fede nel Vangelo. Da soli non possiamo farlo, ma Ges\u00f9 ci mette gli uni accanto gli altri.<\/p>\n<p>Allora mi domando: c\u2019\u00e8 questa domanda nei bambini, nei ragazzi e soprattutto nelle famiglie che li portano in parrocchia? \u00c8 avvertito questo bisogno di conoscere di pi\u00f9 Ges\u00f9, la sua Parola, il progetto di Dio sulla propria storia e la Storia dell\u2019umanit\u00e0?<\/p>\n<p>Se non c\u2019\u00e8 una domanda sulla fede ogni risposta pastorale e organizzativa \u00e8 destinata a fallire. Se le uniche domande importanti sono quelle legate alle tappe sacramentali tradizionali, con la preoccupazione di riunire la famiglia e fare festa, allora il cammino pastorale della parrocchia si riduce ad un calendario ricco di incontri (ai quali se si manca, niente sacramento!!!) ma povero di cammino di fede e tutto sommato fuorviante.<\/p>\n<p>Mi fa sempre piacere quando qualcuno, a volte un bambino, talvolta un ragazzo o un adulto e genitore, che mi avvicina e mi fa una domanda sul proprio cammino di fede. Capita talvolta in maniera improvvisa e non organizzata, magari legato a qualche evento lieto o drammatico, ma arriva a riaccendere anche le mie domande profonde su Dio, sulla fede, il Vangelo e la mia vita. Quando qualcuno mi chiede di aiutarlo ad accrescere la sua fede, la stessa domanda si accende in me e mi ricordo che anche io devo crescere nella fede. Solo con questa domanda la risposta vera arriva\u2026 anche oltre tutte le nostre pur meravigliose organizzazioni pastorali.<\/p>\n<p>Giovanni don<\/p>\n","protected":false},"excerpt":{"rendered":"<p>i discepoli sono provocati dagli insegnamenti Ges\u00f9, sempre pi\u00f9 esigenti ma anche capaci di cambiare davvero il mondo. Per questo formulano la domanda che \u00e8 fondamentale per ogni cammino cristiano vero: &#8220;accresci in noi la fede&#8221;. E&#8217; anche la nostra domanda? Siamo disposti a metterci in discussione fino in fondo? (DOMENICA 2 ottobre 2022, XXVII anno C)<\/p>\n","protected":false},"author":1,"featured_media":4014,"comment_status":"open","ping_status":"open","sticky":false,"template":"","format":"standard","meta":{"footnotes":""},"categories":[2],"tags":[],"class_list":["post-4013","post","type-post","status-publish","format-standard","has-post-thumbnail","hentry","category-commenti-al-vangelo"],"_links":{"self":[{"href":"https:\/\/www.gioba.it\/sito\/wp-json\/wp\/v2\/posts\/4013","targetHints":{"allow":["GET"]}}],"collection":[{"href":"https:\/\/www.gioba.it\/sito\/wp-json\/wp\/v2\/posts"}],"about":[{"href":"https:\/\/www.gioba.it\/sito\/wp-json\/wp\/v2\/types\/post"}],"author":[{"embeddable":true,"href":"https:\/\/www.gioba.it\/sito\/wp-json\/wp\/v2\/users\/1"}],"replies":[{"embeddable":true,"href":"https:\/\/www.gioba.it\/sito\/wp-json\/wp\/v2\/comments?post=4013"}],"version-history":[{"count":1,"href":"https:\/\/www.gioba.it\/sito\/wp-json\/wp\/v2\/posts\/4013\/revisions"}],"predecessor-version":[{"id":4015,"href":"https:\/\/www.gioba.it\/sito\/wp-json\/wp\/v2\/posts\/4013\/revisions\/4015"}],"wp:featuredmedia":[{"embeddable":true,"href":"https:\/\/www.gioba.it\/sito\/wp-json\/wp\/v2\/media\/4014"}],"wp:attachment":[{"href":"https:\/\/www.gioba.it\/sito\/wp-json\/wp\/v2\/media?parent=4013"}],"wp:term":[{"taxonomy":"category","embeddable":true,"href":"https:\/\/www.gioba.it\/sito\/wp-json\/wp\/v2\/categories?post=4013"},{"taxonomy":"post_tag","embeddable":true,"href":"https:\/\/www.gioba.it\/sito\/wp-json\/wp\/v2\/tags?post=4013"}],"curies":[{"name":"wp","href":"https:\/\/api.w.org\/{rel}","templated":true}]}}