{"id":4052,"date":"2022-11-25T22:56:59","date_gmt":"2022-11-25T21:56:59","guid":{"rendered":"https:\/\/www.gioba.it\/sito\/?p=4052"},"modified":"2022-11-25T22:59:28","modified_gmt":"2022-11-25T21:59:28","slug":"4052","status":"publish","type":"post","link":"https:\/\/www.gioba.it\/sito\/2022\/11\/25\/4052\/","title":{"rendered":"pronti e non indifferenti"},"content":{"rendered":"<p>Tenersi pronti significa non essere indifferenti. Tenersi pronti \u00e8 guardarsi attorno e non il nostro naso. Essere pronti \u00e8 rischiare il cambiamento\u2026 uscendo dal confort che alla fine per\u00f2 appiattisce. \u00c8 voglia di cambiare e cogliere l\u2019occasione che il Vangelo mi da di essere protagonista nel fare il bene del prossimo. Solo cos\u00ec il Natale che viene non \u00e8 un vuoto e rassicurante ripetersi di tradizioni ma cambiamento vero.<\/p>\n<p>(DOMENICA 27 novembre 2022 &#8211; I di Avvento anno A)<!--more--><\/p>\n<p>&nbsp;<\/p>\n<p>In quel tempo, Ges\u00f9 disse ai suoi discepoli:<\/p>\n<blockquote><p>\u00abCome furono i giorni di No\u00e8, cos\u00ec sar\u00e0 la venuta del Figlio dell\u2019uomo. Infatti, come nei giorni che precedettero il diluvio mangiavano e bevevano, prendevano moglie e prendevano marito, fino al giorno in cui No\u00e8 entr\u00f2 nell\u2019arca, e non si accorsero di nulla finch\u00e9 venne il diluvio e travolse tutti: cos\u00ec sar\u00e0 anche la venuta del Figlio dell\u2019uomo. Allora due uomini saranno nel campo: uno verr\u00e0 portato via e l\u2019altro lasciato. Due donne macineranno alla mola: una verr\u00e0 portata via e l\u2019altra lasciata.<\/p>\n<p>Vegliate dunque, perch\u00e9 non sapete in quale giorno il Signore vostro verr\u00e0. Cercate di capire questo: se il padrone di casa sapesse a quale ora della notte viene il ladro, veglierebbe e non si lascerebbe scassinare la casa. Perci\u00f2 anche voi tenetevi pronti perch\u00e9, nell\u2019ora che non immaginate, viene il Figlio dell\u2019uomo\u00bb.<\/p>\n<p>(dal Vangelo di Matteo 24,37-44)<\/p><\/blockquote>\n<p>&nbsp;<\/p>\n<p>&#8220;Siate pronti&#8221; (&#8220;estote parati&#8221; in latino e &#8220;be prepared&#8221; in inglese) \u00e8 lo slogan scelto Robert Baden-Powell, generale e poi scrittore ed educatore inglese, agli inizi del 900 per il movimento scout da lui fondato. Gli scout si sono poi diffusi in tutto il mondo, oltre i confini dell\u2019isola britannica e anche in altre tradizioni culturali e religiose del mondo.<\/p>\n<p>Il motto viene proprio dalle parole del Vangelo di questa domenica e forse ci aiuta a capire in modo corretto cosa Ges\u00f9 voleva dire con questa esortazione. Ad una prima lettura le parole \u201ctenetevi pronti\u201d, insieme a \u201cvegliate\u201d sembrano essere pi\u00f9 un avvertimento minaccioso che un messaggio di speranza. Ges\u00f9 certo non ci aiuta usando anche lo stranissimo paragone dove la venuta di Dio \u00e8 come quella di un ladro di notte. Anche poco sopra usando l\u2019esempio del diluvio universale e dell\u2019arca di No\u00e8 dove solo in pochi scampano, non ci viene certo da star tranquilli.<\/p>\n<p>Ancora una volta non possiamo rimanere alla superfice delle parole staccate dal loro contesto. Chi parla \u00e8 sempre lui, Ges\u00f9, che \u00e8 venuto a dare la vita e non a toglierla, a salvare e non a condannare, parla per dare una notizia di speranza e non messaggi paurosi. Ges\u00f9 vuole farci crescere come amici e come figli di Dio e non come schiavi e sottomessi.<\/p>\n<p>Il discorso che troviamo \u00e8 all\u2019interno di una serie di insegnamenti ed esortazioni che Ges\u00f9 pronuncia nel grande Tempio di Gerusalemme, che con la sua maestosit\u00e0 voluta dal Grande Erode, sembra pi\u00f9 esaltare l\u2019uomo che Dio, pi\u00f9 la sicurezza delle tradizioni che la fedelt\u00e0 alla Parola di Dio che invita a cambiare il mondo. Ges\u00f9 vuole davvero \u201csvegliare\u201d i suoi contemporanei dal sonno spirituale e umano che rende indifferenti e chiusi nel proprio piccolo mondo, anche religioso. Ges\u00f9 \u00e8 Dio che entra concretamente, anzi fisicamente, dentro alla storia umana, ed \u00e8 questo quello che celebreremo a Natale. Il tempo dell\u2019Avvento \u00e8 l\u2019occasione per arrivare \u201csvegli\u201d all\u2019appuntamento celebrativo perch\u00e9 ci cambi e non rimanga solamente un vuoto e rassicurante evento tradizionale.<\/p>\n<p>Ecco allora che nella prima domenica il discorso dai toni \u201capocalittici\u201d \u00e8 l\u2019occasione per risvegliare il nostro desiderio vero di incontrare Dio, di sperimentare la fede che ci rende protagonisti nel cambiamento di vita e del mondo.<\/p>\n<p>Nel diluvio che sommerge gli uomini e le donne del tempo di No\u00e8 che non si sono accorti di nulla, possiamo davvero riconoscere i tanti diluvi di oggi che spesso ci trovano impreparati, distratti e peggio ancora indifferenti.<\/p>\n<p>Le guerre ci colpiscono sui media ma non ci toccano, la povert\u00e0 e le ingiustizie di tanti popoli le dimentichiamo, e anche i problemi di chi ci abita accanto o addirittura siede accanto a noi dove studiamo o lavoriamo non li vediamo. Ges\u00f9 denuncia questa indifferenza che \u00e8 mortale non solo per chi sta male ma anche per chi non fa nulla.<\/p>\n<p>Qualunque sia la mia vita, la mia occupazione e condizione economica e sociale, quello che capita ai miei fratelli e sorelle mi interessa e mi deve toccare. Cos\u00ec ha fatto Dio stesso con Ges\u00f9, prendendo la carne e il sangue di ogni essere umano, a cominciare dai pi\u00f9 piccoli e poveri. Se mi dico cristiano e voglio davvero celebrare il Natale, devo riaccendere le luci del cuore e della mente, sia come singolo che come comunit\u00e0, e fare mia la vita del prossimo.<\/p>\n<p><a href=\"https:\/\/www.gioba.it\/sito\/wp-content\/uploads\/2022\/11\/Memoriale-della-Shoah-Milano.jpg\"><img loading=\"lazy\" decoding=\"async\" class=\"wp-image-4053 alignleft\" src=\"https:\/\/www.gioba.it\/sito\/wp-content\/uploads\/2022\/11\/Memoriale-della-Shoah-Milano.jpg\" alt=\"\" width=\"335\" height=\"223\" srcset=\"https:\/\/www.gioba.it\/sito\/wp-content\/uploads\/2022\/11\/Memoriale-della-Shoah-Milano.jpg 1100w, https:\/\/www.gioba.it\/sito\/wp-content\/uploads\/2022\/11\/Memoriale-della-Shoah-Milano-300x200.jpg 300w, https:\/\/www.gioba.it\/sito\/wp-content\/uploads\/2022\/11\/Memoriale-della-Shoah-Milano-1024x682.jpg 1024w, https:\/\/www.gioba.it\/sito\/wp-content\/uploads\/2022\/11\/Memoriale-della-Shoah-Milano-768x512.jpg 768w, https:\/\/www.gioba.it\/sito\/wp-content\/uploads\/2022\/11\/Memoriale-della-Shoah-Milano-120x80.jpg 120w\" sizes=\"auto, (max-width: 335px) 100vw, 335px\" \/><\/a>Alla Stazione di Milano, in una zona sotterranea, dove verso la fine della seconda guerra mondiale dai binari partivano i carri merci con dentro migliaia di ebrei e avversari politici in direzione dei campi di concentramento, ora c\u2019\u00e8 un monumento a loro ricordo. C\u2019\u00e8 una grandissima scritta con la parola \u201cindifferenza\u201d. \u00c8 l\u2019indifferenza che rende possibili le violenze e ingiustizie. \u00c8 l\u2019indifferenza di chi non fa nulla perch\u00e9 pensa che non sia affar suo quel che succede al prossimo. \u00c8 l\u2019indifferenza per\u00f2 che ha travolto anche gli abitanti del mondo quando \u00e8 venuto il diluvio universale e non si sono adoperati per salvarsi reciprocamente.<\/p>\n<p>\u201cState pronti\u201d e \u201cvegliate\u201d per Ges\u00f9 sono un invito a uscire dall\u2019indifferenza e a decidersi di dare il proprio contributo senza girarci dall\u2019altra parte.<\/p>\n<p>\u00c8 questo quello che voleva Baden-Powell dai suoi scout: essere sempre pronti a servire, migliorare il mondo che abitiamo, mettersi a servizio prontamente di chi ha bisogno.<\/p>\n<p>In questo Avvento posso di nuovo imparare a tenermi pronto ad incontrare Ges\u00f9 che mi viene incontro in carne e ossa ancora prima del 25 dicembre, in un modo che non so, in un volto e in una storia che non pensavo\u2026 ma \u00e8 Lui!<\/p>\n<p>Giovanni don<\/p>\n","protected":false},"excerpt":{"rendered":"<p>Tenersi pronti significa non essere indifferenti. Tenersi pronti \u00e8 guardarsi attorno e non il nostro naso. Essere pronti \u00e8 rischiare il cambiamento\u2026 uscendo dal confort che alla fine per\u00f2 appiattisce. \u00c8 voglia di cambiare e cogliere l\u2019occasione che il Vangelo mi da di essere protagonista nel fare il bene del prossimo. Solo cos\u00ec il Natale che viene non \u00e8 un vuoto e rassicurante ripetersi di tradizioni ma cambiamento vero. (DOMENICA 27 novembre 2022 &#8211; I di Avvento anno A)<\/p>\n","protected":false},"author":1,"featured_media":4050,"comment_status":"open","ping_status":"open","sticky":false,"template":"","format":"standard","meta":{"footnotes":""},"categories":[2],"tags":[],"class_list":["post-4052","post","type-post","status-publish","format-standard","has-post-thumbnail","hentry","category-commenti-al-vangelo"],"_links":{"self":[{"href":"https:\/\/www.gioba.it\/sito\/wp-json\/wp\/v2\/posts\/4052","targetHints":{"allow":["GET"]}}],"collection":[{"href":"https:\/\/www.gioba.it\/sito\/wp-json\/wp\/v2\/posts"}],"about":[{"href":"https:\/\/www.gioba.it\/sito\/wp-json\/wp\/v2\/types\/post"}],"author":[{"embeddable":true,"href":"https:\/\/www.gioba.it\/sito\/wp-json\/wp\/v2\/users\/1"}],"replies":[{"embeddable":true,"href":"https:\/\/www.gioba.it\/sito\/wp-json\/wp\/v2\/comments?post=4052"}],"version-history":[{"count":2,"href":"https:\/\/www.gioba.it\/sito\/wp-json\/wp\/v2\/posts\/4052\/revisions"}],"predecessor-version":[{"id":4055,"href":"https:\/\/www.gioba.it\/sito\/wp-json\/wp\/v2\/posts\/4052\/revisions\/4055"}],"wp:featuredmedia":[{"embeddable":true,"href":"https:\/\/www.gioba.it\/sito\/wp-json\/wp\/v2\/media\/4050"}],"wp:attachment":[{"href":"https:\/\/www.gioba.it\/sito\/wp-json\/wp\/v2\/media?parent=4052"}],"wp:term":[{"taxonomy":"category","embeddable":true,"href":"https:\/\/www.gioba.it\/sito\/wp-json\/wp\/v2\/categories?post=4052"},{"taxonomy":"post_tag","embeddable":true,"href":"https:\/\/www.gioba.it\/sito\/wp-json\/wp\/v2\/tags?post=4052"}],"curies":[{"name":"wp","href":"https:\/\/api.w.org\/{rel}","templated":true}]}}