{"id":4057,"date":"2022-12-03T12:06:05","date_gmt":"2022-12-03T11:06:05","guid":{"rendered":"https:\/\/www.gioba.it\/sito\/?p=4057"},"modified":"2022-12-03T12:06:37","modified_gmt":"2022-12-03T11:06:37","slug":"parole-infuocate","status":"publish","type":"post","link":"https:\/\/www.gioba.it\/sito\/2022\/12\/03\/parole-infuocate\/","title":{"rendered":"parole infuocate"},"content":{"rendered":"<p><em>Giovanni Battista ha parole di fuoco, ma un fuoco che ci serve per scaldare la nostra fede dentro che talvolta rischia di rimanere gelidamente prigioniera di tradizioni e consuetudini natalizie che non vanno all&#8217;essenziale, a Dio, a Dio con noi&#8230; ora!<\/em><\/p>\n<p><em>(DOMENICA 4 dicembre 2022 &#8211; II di Avvento anno A)<\/em><!--more--><\/p>\n<p>&nbsp;<\/p>\n<blockquote><p>In quei giorni, venne Giovanni il Battista e predicava nel deserto della Giudea dicendo: \u00abConvertitevi, perch\u00e9 il regno dei cieli \u00e8 vicino!\u00bb. Egli infatti \u00e8 colui del quale aveva parlato il profeta Isa\u00eca quando disse: \u00abVoce di uno che grida nel deserto: Preparate la via del Signore, raddrizzate i suoi sentieri!\u00bb.<br \/>\nE lui, Giovanni, portava un vestito di peli di cammello e una cintura di pelle attorno ai fianchi; il suo cibo erano cavallette e miele selvatico. Allora Gerusalemme, tutta la Giudea e tutta la zona lungo il Giordano accorrevano a lui e si facevano battezzare da lui nel fiume Giordano, confessando i loro peccati.<br \/>\nVedendo molti farisei e sadducei venire al suo battesimo, disse loro: \u00abRazza di vipere! Chi vi ha fatto credere di poter sfuggire all\u2019ira imminente? Fate dunque un frutto degno della conversione, e non crediate di poter dire dentro di voi: \u201cAbbiamo Abramo per padre!\u201d. Perch\u00e9 io vi dico che da queste pietre Dio pu\u00f2 suscitare figli ad Abramo. Gi\u00e0 la scure \u00e8 posta alla radice degli alberi; perci\u00f2 ogni albero che non d\u00e0 buon frutto viene tagliato e gettato nel fuoco. Io vi battezzo nell\u2019acqua per la conversione; ma colui che viene dopo di me \u00e8 pi\u00f9 forte di me e io non sono degno di portargli i sandali; egli vi battezzer\u00e0 in Spirito Santo e fuoco. Tiene in mano la pala e pulir\u00e0 la sua aia e raccoglier\u00e0 il suo frumento nel granaio, ma brucer\u00e0 la paglia con un fuoco inestinguibile\u00bb.<\/p>\n<p>(dal Vangelo di Matteo 3,1-12)<\/p><\/blockquote>\n<p>&nbsp;<\/p>\n<p>Nel brano di Vangelo di questa seconda domenica di Avvento, la Chiesa ci presenta Giovanni il battista, figura importantissima nella storia di Ges\u00f9. Tutti e quattro i Vangeli ne parlano e lo mettono in risalto come preparatore e annunciatore del Messia Ges\u00f9.<\/p>\n<p>Anche per noi che ci stiamo preparando (come?) al Natale di Ges\u00f9, \u00e8 importante lasciarsi guidare da Giovanni il battista proprio cos\u00ec come \u00e8 raccontato dagli evangelisti.<\/p>\n<p>Sicuramente ad ascoltare quello che dice si rimane colpiti dalla forza e durezza delle parole, specialmente quando si rivolge a quelli che si consideravano i pi\u00f9 religiosi del suo tempo, farisei e sadducei. Non usa mezze misure nell\u2019accusare la loro superficialit\u00e0 religiosa, paragonandoli a dei serpenti, che nel mondo antico erano simbolo del nemico di Dio e del mondo pagano.<\/p>\n<p>Forse ci fa davvero bene riascoltare le sue parole che dentro il Vangelo non ci vogliono accusare in modo sterile ma al contrario svegliar fuori e trovare la giusta strada.<\/p>\n<p>Giovanni Battista \u00e8 povero, e con la sua scelta di vivere e predicare nel deserto vuole diventare un punto di riferimento a chi vuole ritrovare una fede genuina, un incontro con Dio vero, libero da sovrastrutture religiose pesanti. Giovanni, come gli antichi profeti che troviamo lungo tutto il percorso dell\u2019Antico Testamento prima della venuta di Cristo (lui \u00e8 una sorta di ultimo profeta\u2026), richiama ad una adesione a Dio vera, sincera e concreta. Il gesto di battezzare non \u00e8 una azione magica che dall\u2019esterno cambia il cuore, ma al contrario \u00e8 come un segnale che indica la strada che poi la persona deve compiere con la sua volont\u00e0 e insieme ad altri. Il battesimo non \u00e8 una magia che protegge in modo passivo chi lo riceve ma un gesto che, se compreso bene, riaccende il cammino verso Dio, un cammino che tutti possiamo fare, perch\u00e9 Dio \u00e8 vicino!<\/p>\n<p>Su questo insiste Giovanni il battista nella sua predicazione: \u201cil regno di Dio \u00e8 vicino\u201d, non per spaventarci ma per avvolgerci. Infatti predica dicendo che viene Dio stesso a battezzarci, cio\u00e8 immergerci, nel suo Amore, nel suo calore e luce (Spirito Santo e fuoco).<\/p>\n<p>Come ci stiamo preparando al Natale? Tutto attorno a noi parla in modo bello e caloroso di questa festa che si avvicina e che unisce e riscalda i cuori, ma se non muove la domanda interna di Dio, se non ci spinge a iniziare a cambiare vita, allora rimane quel che rimane, una \u201cmagia del Natale\u201d che dopo pochi giorni viene chiusa in scatoloni e riposta in soffitta.<\/p>\n<p>Giovanni Battista \u00e8 certamente molto duro nel suo comunicare, ma abbiamo bisogno di uno scossone spirituale che ci riporti a vivere il Natale gi\u00e0 ora e non solamente il 25 dicembre. Per chi crede, \u00e8 gi\u00e0 Natale, Dio \u00e8 gi\u00e0 entrato nella storia umana, e nella nostra storia personale. Abbiamo gi\u00e0 ricevuto il Battesimo a suo tempo, e quel gesto, che nella maggior parte di noi \u00e8 stato scelto dai nostri genitori, ci ha fatto diventare cristiani non per magia, ma come dono e opportunit\u00e0. Siamo gi\u00e0 cristiani ma dobbiamo anche continuamente diventarlo, con le scelte evangeliche di ogni giorno. Dio \u00e8 con noi e ci chiama a seguilo, ma non fa \u201cmagicamente\u201d quel piccolo passo che spetta solo a noi, un passo che non \u00e8 impossibile fare!<\/p>\n<p>Quando andiamo a messa ancor oggi entrando in chiesa ci igienizziamo le mani come buona prassi in questo tempo di pandemia. \u00c8 un gesto esteriore che ci protegge per quel poco che dura e finch\u00e9 non sporchiamo ancora le mani. Non \u00e8 certamente cos\u00ec che siamo chiamati a vivere i riti e le celebrazioni, compresa quella solenne di Natale. Se ci lasciamo avvolgere dal Vangelo e lo facciamo entrare dentro il cuore perch\u00e9 lo scaldi davvero, allora quei riti e celebrazioni avranno una durata sanante che va oltre il tempo della messa e della preghiera insieme, e daremo dei frutti concreti che ci fanno sentire Dio vicino, sempre.<\/p>\n<p>Giovanni don<\/p>\n","protected":false},"excerpt":{"rendered":"<p>Giovanni Battista ha parole di fuoco, ma un fuoco che ci serve per scaldare la nostra fede dentro che talvolta rischia di rimanere gelidamente prigioniera di tradizioni e consuetudini natalizie che non vanno all&#8217;essenziale, a Dio, a Dio con noi&#8230; ora! (DOMENICA 4 dicembre 2022 &#8211; II di Avvento anno A)<\/p>\n","protected":false},"author":1,"featured_media":4058,"comment_status":"open","ping_status":"open","sticky":false,"template":"","format":"standard","meta":{"footnotes":""},"categories":[2],"tags":[],"class_list":["post-4057","post","type-post","status-publish","format-standard","has-post-thumbnail","hentry","category-commenti-al-vangelo"],"_links":{"self":[{"href":"https:\/\/www.gioba.it\/sito\/wp-json\/wp\/v2\/posts\/4057","targetHints":{"allow":["GET"]}}],"collection":[{"href":"https:\/\/www.gioba.it\/sito\/wp-json\/wp\/v2\/posts"}],"about":[{"href":"https:\/\/www.gioba.it\/sito\/wp-json\/wp\/v2\/types\/post"}],"author":[{"embeddable":true,"href":"https:\/\/www.gioba.it\/sito\/wp-json\/wp\/v2\/users\/1"}],"replies":[{"embeddable":true,"href":"https:\/\/www.gioba.it\/sito\/wp-json\/wp\/v2\/comments?post=4057"}],"version-history":[{"count":2,"href":"https:\/\/www.gioba.it\/sito\/wp-json\/wp\/v2\/posts\/4057\/revisions"}],"predecessor-version":[{"id":4060,"href":"https:\/\/www.gioba.it\/sito\/wp-json\/wp\/v2\/posts\/4057\/revisions\/4060"}],"wp:featuredmedia":[{"embeddable":true,"href":"https:\/\/www.gioba.it\/sito\/wp-json\/wp\/v2\/media\/4058"}],"wp:attachment":[{"href":"https:\/\/www.gioba.it\/sito\/wp-json\/wp\/v2\/media?parent=4057"}],"wp:term":[{"taxonomy":"category","embeddable":true,"href":"https:\/\/www.gioba.it\/sito\/wp-json\/wp\/v2\/categories?post=4057"},{"taxonomy":"post_tag","embeddable":true,"href":"https:\/\/www.gioba.it\/sito\/wp-json\/wp\/v2\/tags?post=4057"}],"curies":[{"name":"wp","href":"https:\/\/api.w.org\/{rel}","templated":true}]}}