{"id":4078,"date":"2023-01-05T16:51:37","date_gmt":"2023-01-05T15:51:37","guid":{"rendered":"https:\/\/www.gioba.it\/sito\/?p=4078"},"modified":"2023-01-05T22:23:14","modified_gmt":"2023-01-05T21:23:14","slug":"epifania-dio-per-tutti","status":"publish","type":"post","link":"https:\/\/www.gioba.it\/sito\/2023\/01\/05\/epifania-dio-per-tutti\/","title":{"rendered":"Epifania: Dio per tutti"},"content":{"rendered":"<p><em>Da lontano si mettono in cammino seguendo la stella. Anche noi come i Magi abbiamo una stella che ci guida, ed \u00e8 la voglia di pace che Dio accende nel cuore di tutti. Se tutti la seguiamo sul sentiero della carit\u00e0 quella stella ci porter\u00e0 a costruire un mondo di vera fratellanza superando guerre e divisioni che spengono le stelle&#8230;<\/em><\/p>\n<p><em>(Venerd\u00ec 6 gennaio 2023 &#8211; Epifania del Signore)<\/em><!--more--><\/p>\n<p>&nbsp;<\/p>\n<blockquote><p>Nato Ges\u00f9 a Betlemme di Giudea, al tempo del re Erode, ecco, alcuni Magi vennero da oriente a Gerusalemme e dicevano: \u00abDov\u2019\u00e8 colui che \u00e8 nato, il re dei Giudei? Abbiamo visto spuntare la sua stella e siamo venuti ad adorarlo\u00bb. All\u2019udire questo, il re Erode rest\u00f2 turbato e con lui tutta Gerusalemme. Riuniti tutti i capi dei sacerdoti e gli scribi del popolo, si informava da loro sul luogo in cui doveva nascere il Cristo. Gli risposero: \u00abA Betlemme di Giudea, perch\u00e9 cos\u00ec \u00e8 scritto per mezzo del profeta: \u201cE tu, Betlemme, terra di Giuda, non sei davvero l\u2019ultima delle citt\u00e0 principali di Giuda: da te infatti uscir\u00e0 un capo che sar\u00e0 il pastore del mio popolo, Israele\u201d\u00bb.<br \/>\nAllora Erode, chiamati segretamente i Magi, si fece dire da loro con esattezza il tempo in cui era apparsa la stella e li invi\u00f2 a Betlemme dicendo: \u00abAndate e informatevi accuratamente sul bambino e, quando l\u2019avrete trovato, fatemelo sapere, perch\u00e9 anch\u2019io venga ad adorarlo\u00bb.<br \/>\nUdito il re, essi partirono. Ed ecco, la stella, che avevano visto spuntare, li precedeva, finch\u00e9 giunse e si ferm\u00f2 sopra il luogo dove si trovava il bambino. Al vedere la stella, provarono una gioia grandissima. Entrati nella casa, videro il bambino con Maria sua madre, si prostrarono e lo adorarono. Poi aprirono i loro scrigni e gli offrirono in dono oro, incenso e mirra. Avvertiti in sogno di non tornare da Erode, per un\u2019altra strada fecero ritorno al loro paese.<\/p>\n<p>(dal Vangelo di Matteo 2,1-12)<\/p><\/blockquote>\n<p>&nbsp;<\/p>\n<p><span style=\"font-weight: 400;\">In questi giorni abbiamo tutti assistito almeno un po\u2019 agli eventi riguardo la morte di Benedetto XVI, papa emerito, predecessore dell\u2019attuale papa Francesco. E proprio in questi giorni, dietro le doverose parole di condoglianze, i riti e la condivisione del lutto comune, si sono come riaccese quelle terribili luci di divisione che nella Chiesa non sono mai mancate, e continuano ad accendersi anche oggi. La Chiesa nella sua bimillenaria storia ha sempre vissuto tensioni e divisioni, a volte cos\u00ec profonde e drammatiche da generare scismi e guerre fratricide. Tutto questo \u00e8 davvero contro il Vangelo!<\/span><\/p>\n<p><span style=\"font-weight: 400;\">Questa tendenza a dividersi e a farsi la guerra tra fratelli \u00e8 comune a tutte le religioni e nazioni, constatando che \u00e8 una caratteristica che tutti gli uomini hanno da sempre, fin dai due fratelli Caino e Abele. Ma \u00e8 proprio l\u2019evento della nascita di Ges\u00f9, il Figlio di Dio fatto uomo, che la Storia cambia, che viene annunciato un modo diverso di vivere tra esseri umani, dentro e fuori la Chiesa. Proprio in questi giorni nei quali salutiamo un papa che per molti aspetti era diverso dall\u2019attuale, ma ne condivideva la missione e la fede, come Chiesa siamo chiamati a testimoniare l\u2019unit\u00e0 nella diversit\u00e0, l\u2019incontro pur partendo da posizioni lontane, l\u2019ascolto anche se si parlano lingue diverse, l\u2019accoglienza reciproca anche se abbiamo apparentemente poco o nulla in comune.<\/span><\/p>\n<p><span style=\"font-weight: 400;\">I magi, questi misteriosi personaggi che vengono da lontano da \u201cchiss\u00e0 dove\u201d, seguono una stella, un piccolo punto di riferimento celeste che li porta direttamente al cuore umano di Dio. In quel bambino in braccio a una ragazza si manifesta (\u201cEpifania\u201d significa letteralmente \u201cmanifestazione\u201d) per loro un mondo nuovo che va celebrato, il mondo dell\u2019incontro, della pace, della fratellanza universale.<\/span><\/p>\n<p><span style=\"font-weight: 400;\">Nel racconto evangelico il mondo religioso pi\u00f9 duro e chiuso sembra far da barriera a questo incontro. La paura di Erode e degli abitanti della citt\u00e0 santa Gerusalemme, sembra voler rallentare se non addirittura far fallire questo incontro tra i popoli e Ges\u00f9, che \u00e8 sempre possibile.\u00a0<\/span><\/p>\n<p><span style=\"font-weight: 400;\">Nel racconto di Matteo quello che mi colpisce \u00e8 la domanda \u201cDov\u2019\u00e8 colui che \u00e8 nato\u2026?\u201d. Questa \u00e8 la domanda che \u00e8 dentro tutti gli uomini alla ricerca di Dio, di qualcosa di nuovo nella loro vita, nella storia. \u00c8 la domanda che Dio ci ha messo dentro per cercalo e incontrarlo, non in alto, ma in basso, nel piccolo, nell\u2019umano, nel fratello e sorella. Questi misteriosi personaggi venuti da lontano sono un esempio di coraggio e voglia di mettersi in cammino seguendo una intuizione, senza una solida sicurezza ma solo con la voglia di cercare e non arrendersi.<\/span><\/p>\n<p><span style=\"font-weight: 400;\">Il cammino di ricerca di questi Magi mi ricorda quei pellegrini che si mettono in viaggio sulla via di Santiago de Compostela, su quell\u2019antico percorso che da tutta Europa fin dal medioevo porta a piedi fino alla citt\u00e0 spagnola dove \u00e8 sepolto Giacomo, uno degli apostoli di Ges\u00f9. Questo cammino, simile a tanti altri cammini verso luoghi religiosi importanti, veniva chiamato anche \u201cvia lattea\u201d, seguendo le costellazioni che vanno da est a ovest proprio in direzione di Santiago. \u00c8 stato percorso da tanti che conosco, compreso mio zio prete pi\u00f9 di una volta, cos\u00ec come da amici e ultimamente anche da una nostra parrocchiana. \u00c8 bello vedere che ognuno parte in modi diversi, con una vita di fede diversa, talvolta quasi \u201cassente\u201d. Eppure tutti, anche da punti di partenza fisica e spirituale assai distanti, si mettono in cammino e seguono la stella interiore che apre all\u2019incontro con Dio, nel modo che solo Dio sa fare. Per ognuno \u00e8 possibile una \u201cepifania\u201d di Dio, una manifestazione di Dio che fa cambiare vita e modo di costruire il mondo.<\/span><\/p>\n<p><span style=\"font-weight: 400;\">Dove sei Dio? Dove nasci e come posso raggiungerti? Ecco la domanda che mi mette in moto, e guardando i magi allora non smetto di credere che anche nella Chiesa e nel mondo \u00e8 possibile una unit\u00e0 e un incontro, e la pace \u00e8 il dono pi\u00f9 grande di tutti i doni del mondo, perch\u00e9 questa pace \u00e8 Dio ad averla accesa nel cielo del nostro cuore, e noi la dobbiamo solo seguire\u2026<\/span><\/p>\n<p><em>Giovanni don<\/em><\/p>\n","protected":false},"excerpt":{"rendered":"<p>Da lontano si mettono in cammino seguendo la stella. Anche noi come i Magi abbiamo una stella che ci guida, ed \u00e8 la voglia di pace che Dio accende nel cuore di tutti. Se tutti la seguiamo sul sentiero della carit\u00e0 quella stella ci porter\u00e0 a costruire un mondo di vera fratellanza superando guerre e divisioni che spengono le stelle&#8230; (Venerd\u00ec 6 gennaio 2023 &#8211; Epifania del Signore)<\/p>\n","protected":false},"author":1,"featured_media":4079,"comment_status":"open","ping_status":"open","sticky":false,"template":"","format":"standard","meta":{"footnotes":""},"categories":[2],"tags":[],"class_list":["post-4078","post","type-post","status-publish","format-standard","has-post-thumbnail","hentry","category-commenti-al-vangelo"],"_links":{"self":[{"href":"https:\/\/www.gioba.it\/sito\/wp-json\/wp\/v2\/posts\/4078","targetHints":{"allow":["GET"]}}],"collection":[{"href":"https:\/\/www.gioba.it\/sito\/wp-json\/wp\/v2\/posts"}],"about":[{"href":"https:\/\/www.gioba.it\/sito\/wp-json\/wp\/v2\/types\/post"}],"author":[{"embeddable":true,"href":"https:\/\/www.gioba.it\/sito\/wp-json\/wp\/v2\/users\/1"}],"replies":[{"embeddable":true,"href":"https:\/\/www.gioba.it\/sito\/wp-json\/wp\/v2\/comments?post=4078"}],"version-history":[{"count":3,"href":"https:\/\/www.gioba.it\/sito\/wp-json\/wp\/v2\/posts\/4078\/revisions"}],"predecessor-version":[{"id":4082,"href":"https:\/\/www.gioba.it\/sito\/wp-json\/wp\/v2\/posts\/4078\/revisions\/4082"}],"wp:featuredmedia":[{"embeddable":true,"href":"https:\/\/www.gioba.it\/sito\/wp-json\/wp\/v2\/media\/4079"}],"wp:attachment":[{"href":"https:\/\/www.gioba.it\/sito\/wp-json\/wp\/v2\/media?parent=4078"}],"wp:term":[{"taxonomy":"category","embeddable":true,"href":"https:\/\/www.gioba.it\/sito\/wp-json\/wp\/v2\/categories?post=4078"},{"taxonomy":"post_tag","embeddable":true,"href":"https:\/\/www.gioba.it\/sito\/wp-json\/wp\/v2\/tags?post=4078"}],"curies":[{"name":"wp","href":"https:\/\/api.w.org\/{rel}","templated":true}]}}