{"id":4157,"date":"2023-05-12T12:53:59","date_gmt":"2023-05-12T10:53:59","guid":{"rendered":"https:\/\/www.gioba.it\/sito\/?p=4157"},"modified":"2023-05-12T12:53:59","modified_gmt":"2023-05-12T10:53:59","slug":"tutto-va-bene-tutto-va-male","status":"publish","type":"post","link":"https:\/\/www.gioba.it\/sito\/2023\/05\/12\/tutto-va-bene-tutto-va-male\/","title":{"rendered":"tutto va bene&#8230; tutto va male?"},"content":{"rendered":"<p><em>Paraclito, una parola difficile che si pu\u00f2 tradurre in molti modi: difensore, consolatore, sostegno, sostenitore&#8230; Ecco chi \u00e8 Ges\u00f9 per noi, ecco cosa fa lo Spirito di Dio dentro di noi, dentro la Chiesa. Abbiamo un Paraclito che non ci accusa mai ma ci sta accanto in ogni mondo viviamo.<\/em><\/p>\n<p><em>(DOMENICA 14 maggio 2023 &#8211;\u00a0VI di Pasqua anno A)<\/em><!--more--><\/p>\n<p>&nbsp;<\/p>\n<blockquote><p>In quel tempo, Ges\u00f9 disse ai suoi discepoli: \u00abSe mi amate, osserverete i miei comandamenti; e io pregher\u00f2 il Padre ed egli vi dar\u00e0 un altro Par\u00e0clito perch\u00e9 rimanga con voi per sempre, lo Spirito della verit\u00e0, che il mondo non pu\u00f2 ricevere perch\u00e9 non lo vede e non lo conosce. Voi lo conoscete perch\u00e9 egli rimane presso di voi e sar\u00e0 in voi.<br \/>\nNon vi lascer\u00f2 orfani: verr\u00f2 da voi. Ancora un poco e il mondo non mi vedr\u00e0 pi\u00f9; voi invece mi vedrete, perch\u00e9 io vivo e voi vivrete. In quel giorno voi saprete che io sono nel Padre mio e voi in me e io in voi.<br \/>\nChi accoglie i miei comandamenti e li osserva, questi \u00e8 colui che mi ama. Chi ama me sar\u00e0 amato dal Padre mio e anch\u2019io lo amer\u00f2 e mi manifester\u00f2 a lui\u00bb.<\/p>\n<p>(dal Vangelo di Giovanni 14,15-21)<\/p><\/blockquote>\n<p>&nbsp;<\/p>\n<p>\u201cTutto va bene, Madama la Marchesa!\u201d \u00e8 il ritornello di una vecchia canzone francese, tradotta e cantata anche in italiano, che in modo ironico racconta di una telefonata tra una nobile in vacanza e il suo maggiordomo su come va al castello. Il domestico la informa che a parte la morte del suo cavallo preferito nell\u2019incendio della stalla, dovuto all\u2019incendio del suo castello dove sono entrati dei ladri a rubare tutti i suoi gioielli\u2026 a parte questo, \u201ctutto va bene, Madama la Marchesa\u2026\u201d. Quando non si vuole vedere in faccia la realt\u00e0 delle cose si rischia di andare avanti come niente fosse, fuori dal tempo, per poi ritrovarsi improvvisamente senza nulla e incapaci di affrontare le situazioni della vita. Il contrario di questo \u00e8 l\u2019atteggiamento del \u201ctutto va male\u2026\u201d fatto di pessimismo e angoscia che non vede via d\u2019uscita nelle situazioni negative, che porta a rinchiudersi accusando tutti e tutto, e alla fine non si fa nulla, esattamente come nell\u2019atteggiamento del \u201ctutto va bene\u2026\u201d.<\/p>\n<p>\u201cTutto va bene\u2026\u201d nella Chiesa oggi? \u201cTutto va male\u2026\u201d?<\/p>\n<p>Proprio in questi giorni leggevo di una indagine nella Chiesa di Milano nella quale si constata che con il calo delle vocazioni alla vita presbiterale, tra pochi anni non ci saranno pi\u00f9 preti giovani sotto i 30 anni. Che dire? Tutto va male? Tutto va bene\u2026? Se poi guardiamo alle nostre assemblee domenicali, cos\u00ec come anche alla partecipazione alla formazione cristiana, agli incontri per adulti, davvero si nota un calo costante e preoccupante.<\/p>\n<p>Ges\u00f9 quando parla ai suoi discepoli nell\u2019ultima cena, cos\u00ec come \u00e8 riportato dall\u2019evangelista Giovanni in questo passo del Vangelo, \u00e8 in un momento della sua vita in cui davvero \u201ctutto va male\u2026\u201d. Le sue parole sono un testamento in vista della sua partenza da questo mondo che da li a qualche ora si concretizza nella crocifissione. Queste parole di Ges\u00f9 sono raccolte e riprese dalle prime comunit\u00e0 cristiane che vivono nell\u2019incertezza dei primi tempi, nei quali affrontano persecuzioni e anche problemi interni. Ges\u00f9 parla chiaramente di un \u201cmondo\u201d che non riesce a riconoscere la presenza di Dio e rifiuta il messaggio di Ges\u00f9. \u00c8 un \u201cmondo\u201d che c\u2019\u00e8 sempre stato e rimane sempre anche oggi. Non dobbiamo avere la fretta pessimistica di definire questo mondo oggi con delle persone specifiche e situazioni specifiche anticristiane, come se si trattasse di una battaglia tra cristiani e non cristiani. Questo \u201cmondo\u201d di cui parla Ges\u00f9 \u00e8 quella parte di vita umana che abbiamo dentro tutti, che c\u2019\u00e8 in ogni situazione e contesto, sia dentro che fuori la Chiesa, sia dentro che fuori la vita cristiana. Il \u201cmondo\u201d di cui parla Ges\u00f9, e che secondo lui non riesce ad accogliere Dio, \u00e8 parte della nostra esperienza sempre, fin da quando siamo in terra e viviamo. Questo non \u00e8 in assoluto un giudizio negativo, ma prima di tutto una constatazione molto concreta che possiamo fare anche noi: non \u00e8 facile accogliere appieno il messaggio di Cristo, non siamo sempre capaci di vivere il Vangelo, c\u2019\u00e8 sempre dentro la nostra esperienza personale e anche comunitaria qualcosa che ci porta lontano, che non ci fa vivere il Vangelo, che ci mette in difficolt\u00e0.<\/p>\n<p>Il \u201cmondo\u201d che contesta Dio e che respinge il Vangelo fa parte di noi, quel \u201cmondo\u201d che ha fatto fuori il Figlio di Dio allora, anche oggi vuol \u201cfar fuori\u201d la fede dentro di noi. Non possiamo dire quindi che \u201ctutto va bene\u2026\u201d dentro la nostra esperienza cristiana, e i problemi come Chiesa oggi lo rivelano, e sarebbe davvero cieco non vederli e non fare nulla. Ma non possiamo dire nemmeno che \u201ctutto va male\u2026\u201d perch\u00e9 come dice Ges\u00f9 ai suoi discepoli, abbiamo accanto a noi sempre un difensore, uno che ci d\u00e0 forza nella nostra testimonianza quotidiana. Accanto a noi abbiamo Ges\u00f9 stesso e lo Spirito Santo di Dio, il suo Amore concreto e forte, che ci dona forza, ci consola nelle prove, ci suggerisce quello che dobbiamo dire e fare. E anche se il \u201cmondo\u201d dentro di noi ci porta a non ascoltare, a dimenticare questa presenza, anche se tenta di farci credere che in fondo siamo soli nella vita\u2026 lui rimane accanto. Ecco il significato della parola (cos\u00ec difficile da tradurre in un solo termine) \u201cParaclito\u201d. Ges\u00f9 \u00e8 \u201cParaclito\u201d, e anche lo Spirito di Dio \u00e8 \u201cParaclito\u201d. Dio in poche parole \u00e8 con noi sempre, anche dentro il nostro \u201cmondo\u201d ostile, dubbioso, incoerente e freddo nei confronti del Vangelo. \u201cTutto va bene\u2026\u201d quando ci lasciamo guidare dallo Spirito del Risorto, quando facciamo circolare nella mente e nel cuore il Vangelo. \u201cTutto va male\u2026\u201d se invece non ci lasciamo guidare e guardiamo la realt\u00e0 della nostra vita e della Chiesa solo con il pessimismo di chi si sente solo.<\/p>\n<p>E c\u2019\u00e8 un modo super efficace per sentire accanto il Paraclito\u2026 ed \u00e8 amare. Chi ama, in qualsiasi situazioni si trovi, si sente meno solo e sperimenta come vere le parole di Ges\u00f9: \u201cvoi invece mi vedrete, perch\u00e9 io vivo e voi vivrete\u2026 voi saprete che io sono nel Padre mio e voi in me e io in voi\u201d<\/p>\n<p>Amando possiamo dire che nonostante tutto: \u201cTutto va bene\u2026 Signore Ges\u00f9\u201d.<\/p>\n<p>Giovanni don<\/p>\n","protected":false},"excerpt":{"rendered":"<p>Paraclito, una parola difficile che si pu\u00f2 tradurre in molti modi: difensore, consolatore, sostegno, sostenitore&#8230; Ecco chi \u00e8 Ges\u00f9 per noi, ecco cosa fa lo Spirito di Dio dentro di noi, dentro la Chiesa. Abbiamo un Paraclito che non ci accusa mai ma ci sta accanto in ogni mondo viviamo. (DOMENICA 14 maggio 2023 &#8211;\u00a0VI di Pasqua anno A)<\/p>\n","protected":false},"author":1,"featured_media":4159,"comment_status":"open","ping_status":"open","sticky":false,"template":"","format":"standard","meta":{"footnotes":""},"categories":[2],"tags":[],"class_list":["post-4157","post","type-post","status-publish","format-standard","has-post-thumbnail","hentry","category-commenti-al-vangelo"],"_links":{"self":[{"href":"https:\/\/www.gioba.it\/sito\/wp-json\/wp\/v2\/posts\/4157","targetHints":{"allow":["GET"]}}],"collection":[{"href":"https:\/\/www.gioba.it\/sito\/wp-json\/wp\/v2\/posts"}],"about":[{"href":"https:\/\/www.gioba.it\/sito\/wp-json\/wp\/v2\/types\/post"}],"author":[{"embeddable":true,"href":"https:\/\/www.gioba.it\/sito\/wp-json\/wp\/v2\/users\/1"}],"replies":[{"embeddable":true,"href":"https:\/\/www.gioba.it\/sito\/wp-json\/wp\/v2\/comments?post=4157"}],"version-history":[{"count":1,"href":"https:\/\/www.gioba.it\/sito\/wp-json\/wp\/v2\/posts\/4157\/revisions"}],"predecessor-version":[{"id":4160,"href":"https:\/\/www.gioba.it\/sito\/wp-json\/wp\/v2\/posts\/4157\/revisions\/4160"}],"wp:featuredmedia":[{"embeddable":true,"href":"https:\/\/www.gioba.it\/sito\/wp-json\/wp\/v2\/media\/4159"}],"wp:attachment":[{"href":"https:\/\/www.gioba.it\/sito\/wp-json\/wp\/v2\/media?parent=4157"}],"wp:term":[{"taxonomy":"category","embeddable":true,"href":"https:\/\/www.gioba.it\/sito\/wp-json\/wp\/v2\/categories?post=4157"},{"taxonomy":"post_tag","embeddable":true,"href":"https:\/\/www.gioba.it\/sito\/wp-json\/wp\/v2\/tags?post=4157"}],"curies":[{"name":"wp","href":"https:\/\/api.w.org\/{rel}","templated":true}]}}