{"id":4190,"date":"2023-06-24T12:44:14","date_gmt":"2023-06-24T10:44:14","guid":{"rendered":"https:\/\/www.gioba.it\/sito\/?p=4190"},"modified":"2023-06-24T16:34:10","modified_gmt":"2023-06-24T14:34:10","slug":"urlo-di-paura","status":"publish","type":"post","link":"https:\/\/www.gioba.it\/sito\/2023\/06\/24\/urlo-di-paura\/","title":{"rendered":"urlo di paura"},"content":{"rendered":"<p><em>Cos&#8217;\u00e8 che ci fa paura come cristiani? L&#8217;essere sempre in meno? Non essere l&#8217;altezza della missione che abbiamo? Paura del giudizio di Dio? Quante ansie e paure che abbiamo nella vita e che spessi ci bloccano. &#8220;Non abbiate paura&#8221; continua a ripetere Ges\u00f9. Questo \u00e8 il cuore di Vangelo!<\/em><\/p>\n<p><em>(DOMENICA 25 giugno 2023 &#8211;\u00a0XII anno A)<\/em><br \/>\n<!--more--><\/p>\n<blockquote><p>In quel tempo, Ges\u00f9 disse ai suoi apostoli:<br \/>\n\u00abNon abbiate paura degli uomini, poich\u00e9 nulla vi \u00e8\u00a0di\u00a0nascosto che non sar\u00e0 svelato n\u00e9\u00a0di\u00a0segreto che non sar\u00e0 conosciuto. Quello che io vi dico nelle tenebre voi ditelo nella luce, e quello che ascoltate all\u2019orecchio voi annunciatelo dalle terrazze.<br \/>\nE non abbiate paura\u00a0di\u00a0quelli che uccidono il corpo, ma non hanno potere\u00a0di\u00a0uccidere l\u2019anima; abbiate paura piuttosto\u00a0di\u00a0colui che ha il potere\u00a0di\u00a0far perire nella Ge\u00e8nna e l\u2019anima e il corpo.<br \/>\nDue passeri non si vendono forse per un soldo? Eppure nemmeno uno\u00a0di\u00a0essi cadr\u00e0 a terra senza il volere del Padre vostro. Perfino i capelli del vostro capo sono tutti contati. Non abbiate dunque paura: voi valete pi\u00f9\u00a0di\u00a0molti passeri!<br \/>\nPerci\u00f2 chiunque mi riconoscer\u00e0 davanti agli uomini, anch\u2019io lo riconoscer\u00f2 davanti al Padre mio che \u00e8 nei cieli; chi invece mi rinnegher\u00e0 davanti agli uomini, anch\u2019io lo rinnegher\u00f2 davanti al Padre mio che \u00e8 nei cieli\u00bb.<\/p>\n<p>(dal Vangelo di Matteo 10,26-33)<\/p><\/blockquote>\n<p>COMMENTO<\/p>\n<p>Nella sua famosa opera \u201cl\u2019urlo\u201d, Edvard Munch, pittore norvegese tra \u2018800 e \u2018900, descrive uno stato improvviso di terrore che un giorno lo assale per strada. \u00c8 una sensazione di profonda ansia, incertezza per il futuro, di precariet\u00e0 nella sua condizione di malattia, che gli fa apparire il mondo circostante come nemico e minaccioso, e lo schiaccia in un urlo interiore che nessuno pu\u00f2 sentire. Munch dipinse pi\u00f9 volte questa immagine di un uomo dalla bocca spalancata che si stringe il volto con le mani, in uno sfondo di linee vorticose e dal cielo color sangue. Sembra davvero di sentire quell\u2019urlo uscire dal quadro, anche se ovviamente come ogni dipinto \u00e8 senza sonoro. La fortuna di questa opera di Munch nella storia dell\u2019arte \u00e8 dovuta proprio dalla sua capacit\u00e0 di intercettare le ansie e paure di chi lo guarda, in ogni epoca, anche la nostra a pi\u00f9 di un secolo di distanza.<\/p>\n<p><a href=\"https:\/\/www.gioba.it\/sito\/wp-content\/uploads\/2023\/06\/Urlo-Munch-751x1024-1.jpg\"><img loading=\"lazy\" decoding=\"async\" class=\" wp-image-4192 alignleft\" src=\"https:\/\/www.gioba.it\/sito\/wp-content\/uploads\/2023\/06\/Urlo-Munch-751x1024-1.jpg\" alt=\"\" width=\"298\" height=\"406\" srcset=\"https:\/\/www.gioba.it\/sito\/wp-content\/uploads\/2023\/06\/Urlo-Munch-751x1024-1.jpg 751w, https:\/\/www.gioba.it\/sito\/wp-content\/uploads\/2023\/06\/Urlo-Munch-751x1024-1-220x300.jpg 220w\" sizes=\"auto, (max-width: 298px) 100vw, 298px\" \/><\/a>Ges\u00f9 in questo passaggio del vangelo, parlando ai suoi discepoli, pi\u00f9 volte dice loro \u201cnon abbiate paura\u201d. Tante altre volte nel Vangelo esce questa espressione, questo invito a non temere. Anche quando l\u2019angelo che appare Giuseppe, lo invita a non avere paura di seguire quello che il Signore gli dice di fare, anche se sembra assurdo e fuori dai soliti schemi.<\/p>\n<p>L\u2019evangelista Matteo raccoglie questo invito di Ges\u00f9 a non avere paura e lo gira alla sua comunit\u00e0 cristiana.<\/p>\n<p>Anche noi che lo ascoltiamo oggi, siamo chiamati a farlo nostro. Siamo infatti pieni di paure, e come sempre queste paure, se da un lato ci proteggono dall\u2019altro rischiano di fermarci. Abbiamo paura dell\u2019ignoto, abbiamo paura di sbagliare, paura di non essere all\u2019altezza nei nostri compiti e anche della fede, paura del giudizio degli altri, paura di soffrire\u2026 Sono queste paure umanissime che anche l\u2019uomo Ges\u00f9 aveva, senza mai perdere per\u00f2 la fiducia in Dio. La paura ci preserva perch\u00e9 ci pone davanti il fatto che siamo limitati e che abbiamo bisogno di aiuto, ma se non le affrontiamo le paure rischiano di chiuderci in noi stessi.<\/p>\n<p>Razzismo e violenza sono il modo sbagliato di reagire alla paura di chi \u00e8 diverso da noi e mette in discussione il nostro modo di vivere. Anche le dipendenze di ogni tipo, dalle sostanze e anche da comportamenti autodistruttivi sono il modo sbagliato di affrontare le paure del giudizio degli altri e di sbagliare.<\/p>\n<p>Non abbiate paura dice Ges\u00f9 ai suoi amici. E tira fuori come immagini di piccolezza i passeri e i capelli, che sono un nulla nell\u2019ordine delle cose, non hanno valore, eppure per Dio hanno un grandissimo valore e sono custoditi.<\/p>\n<p>Ges\u00f9 invita a vincere le paure non pensando di diventare invincibili e perfetti, non con la forza ma con la fiducia in Dio e nel prossimo che Dio ci mette accanto. Noi valiamo per Dio pi\u00f9 di un passero e di un capello. Noi con le nostre piccolezze siamo nelle mani di Dio e amati per quello che siamo.<\/p>\n<p>E non solo io, ma anche ogni mio fratello e sorella hanno un valore immenso per Dio, anche se piccoli, poveri e limitati, come i passeri, come i capelli<\/p>\n<p>\u201cNon abbiate paura\u201d Ges\u00f9 lo dice anche a tutta la Chiesa di oggi, specialmente quanto \u00e8 tentata dalla paura del \u201ctutto va male\u201d e del \u201csiamo sempre in meno\u201d, con l\u2019atteggiamento di chi si pone sulla difensiva e conseguentemente attacca chi le sta attorno. Se viviamo nella paura di perdere i numeri e la grandezza di una volta, questa paura, che \u00e8 comprensibile, ci porter\u00e0 sempre pi\u00f9 lontano dal Vangelo.<\/p>\n<p>\u201cNon abbiate paura\u201d pu\u00f2 diventare una testimonianza di fiducia nel Vangelo e nella vita anche oggi, con azioni di apertura e dialogo, senza timore.<\/p>\n<p>Chi pu\u00f2 gettare \u201cvia nella Geena\u201d il nostro corpo ecclesiale e lo spirito evangelico, non \u00e8 il diavolo esterno a noi, ma siamo noi stessi. Siamo noi che se ci lasciamo guidare dalle paure e non ascoltiamo l\u2019invito di Ges\u00f9, alla fine buttiamo via tutto.<\/p>\n<p>\u201cNon abbiate paura\u2026 non avere paura!\u201d<\/p>\n<p>Rimaniamo vicini gli uni gli altri e vicini specialmente a chi \u00e8 schiacciato dalla paura come nel quadro di Munch, e facciamo risuonare nell\u2019orecchio del cuore questa parola forte di Ges\u00f9.<\/p>\n<p>Giovanni don<\/p>\n<p><a href=\"https:\/\/www.gioba.it\/sito\/wp-content\/uploads\/2023\/06\/Giuda-offeso-Tab-20230620054559.jpg\"><img loading=\"lazy\" decoding=\"async\" class=\"alignleft wp-image-4193\" src=\"https:\/\/www.gioba.it\/sito\/wp-content\/uploads\/2023\/06\/Giuda-offeso-Tab-20230620054559.jpg\" alt=\"\" width=\"605\" height=\"518\" srcset=\"https:\/\/www.gioba.it\/sito\/wp-content\/uploads\/2023\/06\/Giuda-offeso-Tab-20230620054559.jpg 1084w, https:\/\/www.gioba.it\/sito\/wp-content\/uploads\/2023\/06\/Giuda-offeso-Tab-20230620054559-300x257.jpg 300w, https:\/\/www.gioba.it\/sito\/wp-content\/uploads\/2023\/06\/Giuda-offeso-Tab-20230620054559-1024x878.jpg 1024w, https:\/\/www.gioba.it\/sito\/wp-content\/uploads\/2023\/06\/Giuda-offeso-Tab-20230620054559-768x658.jpg 768w\" sizes=\"auto, (max-width: 605px) 100vw, 605px\" \/><\/a><\/p>\n","protected":false},"excerpt":{"rendered":"<p>Cos&#8217;\u00e8 che ci fa paura come cristiani? L&#8217;essere sempre in meno? Non essere l&#8217;altezza della missione che abbiamo? Paura del giudizio di Dio? Quante ansie e paure che abbiamo nella vita e che spessi ci bloccano. &#8220;Non abbiate paura&#8221; continua a ripetere Ges\u00f9. Questo \u00e8 il cuore di Vangelo! (DOMENICA 25 giugno 2023 &#8211;\u00a0XII anno A)<\/p>\n","protected":false},"author":1,"featured_media":4191,"comment_status":"open","ping_status":"open","sticky":false,"template":"","format":"standard","meta":{"footnotes":""},"categories":[2],"tags":[],"class_list":["post-4190","post","type-post","status-publish","format-standard","has-post-thumbnail","hentry","category-commenti-al-vangelo"],"_links":{"self":[{"href":"https:\/\/www.gioba.it\/sito\/wp-json\/wp\/v2\/posts\/4190","targetHints":{"allow":["GET"]}}],"collection":[{"href":"https:\/\/www.gioba.it\/sito\/wp-json\/wp\/v2\/posts"}],"about":[{"href":"https:\/\/www.gioba.it\/sito\/wp-json\/wp\/v2\/types\/post"}],"author":[{"embeddable":true,"href":"https:\/\/www.gioba.it\/sito\/wp-json\/wp\/v2\/users\/1"}],"replies":[{"embeddable":true,"href":"https:\/\/www.gioba.it\/sito\/wp-json\/wp\/v2\/comments?post=4190"}],"version-history":[{"count":1,"href":"https:\/\/www.gioba.it\/sito\/wp-json\/wp\/v2\/posts\/4190\/revisions"}],"predecessor-version":[{"id":4194,"href":"https:\/\/www.gioba.it\/sito\/wp-json\/wp\/v2\/posts\/4190\/revisions\/4194"}],"wp:featuredmedia":[{"embeddable":true,"href":"https:\/\/www.gioba.it\/sito\/wp-json\/wp\/v2\/media\/4191"}],"wp:attachment":[{"href":"https:\/\/www.gioba.it\/sito\/wp-json\/wp\/v2\/media?parent=4190"}],"wp:term":[{"taxonomy":"category","embeddable":true,"href":"https:\/\/www.gioba.it\/sito\/wp-json\/wp\/v2\/categories?post=4190"},{"taxonomy":"post_tag","embeddable":true,"href":"https:\/\/www.gioba.it\/sito\/wp-json\/wp\/v2\/tags?post=4190"}],"curies":[{"name":"wp","href":"https:\/\/api.w.org\/{rel}","templated":true}]}}