{"id":4220,"date":"2023-08-05T16:41:13","date_gmt":"2023-08-05T14:41:13","guid":{"rendered":"https:\/\/www.gioba.it\/sito\/?p=4220"},"modified":"2023-08-05T16:41:13","modified_gmt":"2023-08-05T14:41:13","slug":"che-bello","status":"publish","type":"post","link":"https:\/\/www.gioba.it\/sito\/2023\/08\/05\/che-bello\/","title":{"rendered":"che bello!"},"content":{"rendered":"<p><em>la fede per non rimanere superficiale e &#8220;di testa&#8221; deve toccare il cuore e illuminare l&#8217;anima. Ecco perch\u00e8 Ges\u00f9 illumina il cuore e la mente dei suoi amici cos\u00ec come noi oggi. La Chiesa deve quindi diventare aperta e luminosa come quel monte che attira e fa innamorare chiunque si avvicina&#8230;<\/em><\/p>\n<p><em><span style=\"font-weight: 400;\">(Domenica 6 agosto 2023 &#8211;\u00a0<\/span><span style=\"font-weight: 400;\">Trasfigurazione del Signore)<\/span><\/em><!--more--><\/p>\n<p>&nbsp;<\/p>\n<blockquote><p><span style=\"font-weight: 400;\">In quel tempo, Ges\u00f9 prese con s\u00e9 Pietro, Giacomo e Giovanni suo fratello e li condusse in disparte, su un alto monte. E fu trasfigurato davanti a loro: il suo volto brill\u00f2 come il sole e le sue vesti divennero candide come la luce. Ed ecco apparvero loro Mos\u00e8 ed Elia, che conversavano con lui. Prendendo la parola, Pietro disse a Ges\u00f9: \u00abSignore, \u00e8 bello per noi essere qui! Se vuoi, far\u00f2 qui tre capanne, una per te, una per Mos\u00e8 e una per Elia\u00bb. Egli stava ancora parlando, quando una nube luminosa li copr\u00ec con la sua ombra. Ed ecco una voce dalla nube che diceva: \u00abQuesti \u00e8 il Figlio mio, l&#8217;amato: in lui ho posto il mio compiacimento. Ascoltatelo\u00bb. All&#8217;udire ci\u00f2, i discepoli caddero con la faccia a terra e furono presi da grande timore. Ma Ges\u00f9 si avvicin\u00f2, li tocc\u00f2 e disse: \u00abAlzatevi e non temete\u00bb. Alzando gli occhi non videro nessuno, se non Ges\u00f9 solo. Mentre scendevano dal monte, Ges\u00f9 ordin\u00f2 loro: \u00abNon parlate a nessuno di questa visione, prima che il Figlio dell&#8217;uomo non sia risorto dai morti\u00bb.<\/span><\/p>\n<p><span style=\"font-weight: 400;\">(Dal vangelo di Matteo 17,1-9)<\/span><\/p>\n<p>&nbsp;<\/p><\/blockquote>\n<p><span style=\"font-weight: 400;\">\u201cE\u2019 bello per noi stare qui\u2026\u201d, \u00e8 la prima cosa che viene pronunciata da Pietro\u00a0 e dagli apostoli davanti all\u2019esperienza della Trasfigurazione sul monte. L\u2019evangelista Matteo come gli altri evangelisti Luca e Marco, tenta di raccontare questa esperienza fatta dagli apostoli che \u00e8 difficile da descrivere, e che sicuramente non si riferisce ad un solo episodio ma a tutta l\u2019esperienza fatta con il loro amico e maestro Ges\u00f9. Queste stesse parole (\u201c\u00e8 bello per noi stare qui\u2026\u201d) sono certo in questi giorni siano nelle menti, nei cuori e anche sulla bocca dei tantissimi giovani che stanno partecipando alla Giornata Mondiale della Giovent\u00f9 a Lisbona. Me lo confermano tanti giovani che conosco e soprattutto Benedetta, una delle mie nipoti, alla sua prima GMG. E\u2019 un&#8217;esperienza di forte entusiasmo, unica anche nelle difficolt\u00e0 e disagi affrontati, ma che vuole ricaricare e rilanciare l\u2019esperienza di fede che ovviamente \u00e8 ben oltre quei giorni e va calata nella vita quotidiana. Mi hanno stupito i commenti di alcuni miei confratelli preti che in modo pubblico e con argomentazioni molto elaborate hanno pesantemente criticato questo tipo di manifestazioni. Sono arrivati anche a dire che sono \u201canti-evangeliche\u201d, perch\u00e9 mostrano una Chiesa delle masse, in cerca di un trionfalismo del passato, e centrata troppo sul Papa e sul clero, e che si riducono ad un facile entusiamo superficiale che non riempie poi le chiese la domenica\u2026\u00a0<\/span><\/p>\n<p><span style=\"font-weight: 400;\">E\u2019 vero che la fede vera \u00e8 una cosa di tutti i giorni e che si misura con la vita quotidiana e nelle ambienti normali dove i cristiani convinti sono una minoranza. Ma \u00e8 anche vero che \u00e8 una reale esigenza umanissima quella di avere momenti e spazi di ricarica e rilancio per vivere la vita normale in modo nuovo e meno spento. Nel racconto evangelico Ges\u00f9 si mostra trasfigurato, cio\u00e8 sotto una luce nuova e pi\u00f9 chiara proprio per mostrare ai suoi amici, spesso tentati di mollare, che seguire Lui \u00e8 seguire il piano di Dio, e che dietro il Ges\u00f9 di tutti i giorni c\u2019\u00e8 sempre la forza di Dio. La Trasfigurazione vuole accendere nel cuore quel \u201cche bello!\u201d che poi si spende anche nelle giornate pi\u00f9 buie e normali, anche quando non tutto \u00e8 cos\u00ec chiaro e facile. Senza un \u201cche bello\u201d spirituale la fede rischia di diventare un coraggioso volontarismo che non ha la bellezza dell\u2019amore e la leggerezza dello Spirito. Senza un \u201cche bello\u201d sperimentato insieme ad altri e condiviso in ricordi comuni, non scatta la bellezza della vita comunitaria con legami fatti di cuore e non solo di testa.<\/span><\/p>\n<p><span style=\"font-weight: 400;\">Abbiamo bisogno come Chiesa di diventare porte luminose e spalancate, dove chi vuole entrare, e anche chi si trova ad accostare la comunit\u00e0 anche per una sola occasione, possa sperimentare luce e calore umano\u2026 e insieme divino. Come ha detto Papa Francesco, la Chiesa non sia una dogana dove chi passa si sente controllato, ma sia un monte di luce, dove si sperimenta che la fede\u2026 \u00e8 bella!<\/span><\/p>\n","protected":false},"excerpt":{"rendered":"<p>la fede per non rimanere superficiale e &#8220;di testa&#8221; deve toccare il cuore e illuminare l&#8217;anima. Ecco perch\u00e8 Ges\u00f9 illumina il cuore e la mente dei suoi amici cos\u00ec come noi oggi. La Chiesa deve quindi diventare aperta e luminosa come quel monte che attira e fa innamorare chiunque si avvicina&#8230; (Domenica 6 agosto 2023 &#8211;\u00a0Trasfigurazione del Signore)<\/p>\n","protected":false},"author":1,"featured_media":4221,"comment_status":"open","ping_status":"open","sticky":false,"template":"","format":"standard","meta":{"footnotes":""},"categories":[2],"tags":[],"class_list":["post-4220","post","type-post","status-publish","format-standard","has-post-thumbnail","hentry","category-commenti-al-vangelo"],"_links":{"self":[{"href":"https:\/\/www.gioba.it\/sito\/wp-json\/wp\/v2\/posts\/4220","targetHints":{"allow":["GET"]}}],"collection":[{"href":"https:\/\/www.gioba.it\/sito\/wp-json\/wp\/v2\/posts"}],"about":[{"href":"https:\/\/www.gioba.it\/sito\/wp-json\/wp\/v2\/types\/post"}],"author":[{"embeddable":true,"href":"https:\/\/www.gioba.it\/sito\/wp-json\/wp\/v2\/users\/1"}],"replies":[{"embeddable":true,"href":"https:\/\/www.gioba.it\/sito\/wp-json\/wp\/v2\/comments?post=4220"}],"version-history":[{"count":1,"href":"https:\/\/www.gioba.it\/sito\/wp-json\/wp\/v2\/posts\/4220\/revisions"}],"predecessor-version":[{"id":4222,"href":"https:\/\/www.gioba.it\/sito\/wp-json\/wp\/v2\/posts\/4220\/revisions\/4222"}],"wp:featuredmedia":[{"embeddable":true,"href":"https:\/\/www.gioba.it\/sito\/wp-json\/wp\/v2\/media\/4221"}],"wp:attachment":[{"href":"https:\/\/www.gioba.it\/sito\/wp-json\/wp\/v2\/media?parent=4220"}],"wp:term":[{"taxonomy":"category","embeddable":true,"href":"https:\/\/www.gioba.it\/sito\/wp-json\/wp\/v2\/categories?post=4220"},{"taxonomy":"post_tag","embeddable":true,"href":"https:\/\/www.gioba.it\/sito\/wp-json\/wp\/v2\/tags?post=4220"}],"curies":[{"name":"wp","href":"https:\/\/api.w.org\/{rel}","templated":true}]}}