{"id":4291,"date":"2023-12-02T12:36:30","date_gmt":"2023-12-02T11:36:30","guid":{"rendered":"https:\/\/www.gioba.it\/sito\/?p=4291"},"modified":"2023-12-02T12:44:21","modified_gmt":"2023-12-02T11:44:21","slug":"silenzio","status":"publish","type":"post","link":"https:\/\/www.gioba.it\/sito\/2023\/12\/02\/silenzio\/","title":{"rendered":"Silenzio!"},"content":{"rendered":"<p><em>Ecco l\u2019occasione per questo tempo di Avvento che prepara al Natale per farci una prima semplice domanda: cosa mi aspetto davvero dalla vita? E poi un\u2019altra domanda pi\u00f9 di fede: cosa mi aspetto da Ges\u00f9?<\/em><br \/>\n<em>Se facciamo silenzio dentro e attorno a noi dai troppi &#8220;rumori&#8221; sentiremo la risposta di Ges\u00f9: &#8220;Eccomi&#8221;<\/em><\/p>\n<p><em>(DOMENICA 3 dicembre 2023 &#8211; I di Avvento)<\/em><!--more--><\/p>\n<p>&nbsp;<\/p>\n<blockquote><p>In quel tempo, Ges\u00f9 disse ai suoi discepoli:<br \/>\n\u00abFate attenzione, vegliate, perch\u00e9 non sapete quando \u00e8 il momento. \u00c8 come un uomo, che \u00e8 partito dopo aver lasciato la propria casa e dato il potere ai suoi servi, a ciascuno il suo compito, e ha ordinato al portiere di vegliare.<br \/>\nVegliate dunque: voi non sapete quando il padrone di casa ritorner\u00e0, se alla sera o a mezzanotte o al canto del gallo o al mattino; fate in modo che, giungendo all\u2019improvviso, non vi trovi addormentati.<br \/>\nQuello che dico a voi, lo dico a tutti: vegliate!\u00bb.<\/p>\n<p>(dal Vangelo di Marco 13,33-37)<\/p><\/blockquote>\n<p>&nbsp;<\/p>\n<p>Un caro amico formatore che chiamo spesso per gli incontri di formazione in parrocchia, quando inizia ogni suo incontro, parte con una domanda semplice ma fondamentale: \u201ccosa vi aspettate da questo incontro?\u201d. Per l\u2019efficacia dell\u2019incontro \u00e8 fondamentale temer conto delle aspettative e semmai aiutare a richiamarle, per non rischiare di dare risposte a domande che non ci sono.<\/p>\n<p>Con questa domenica inizia il periodo di Avvento, che prepara al Natale. La Chiesa ha istituito questo \u201ctempo forte\u201d che \u00e8 simile al tempo della Quaresima che prepara alla Pasqua.<\/p>\n<p>L\u2019Avvento nelle scelte delle letture della Scrittura e nella liturgia, \u00e8 fortemente caratterizzato dal clima di \u201cattesa\u201d. Ges\u00f9 che nasce \u00e8 la risposta a tutte le attese del popolo di Israele, e anche di tutte le attese della Storia umana. Ma lo \u00e8 anche per noi cristiani nella Chiesa oggi? Ges\u00f9 \u00e8 davvero la risposta alle mie attese spirituali ed esistenziali pi\u00f9 profonde? Ges\u00f9 \u00e8 la risposta alle attese dell\u2019umanit\u00e0 di oggi? E quali sono queste attese e domande alle quali il Natale vuole essere la risposta?<\/p>\n<p>Il rischio \u00e8 che succeda come quando ti arriva improvvisa la telefonata di un gestore di energia che ti propone un contratto di cui non hai bisogno. Il Natale di Ges\u00f9 \u00e8 bello che arrivi come la notifica di un prodotto che cercavi da tempo, come il responso di un colloquio di lavoro che desideravi, come la risposta buona di un esame medico di cui attendevi con ansia l\u2019esito, come\u2026<\/p>\n<p>Come attendiamo il Natale 2023? Quali sono le nostre vere attese spirituali? Ci sono? O sono silenziate dal troppo \u201crumore\u201d di vita che abbiamo dentro e fuori e che ci rende sordi allo Spirito?<\/p>\n<p>\u201cFate attenzione, vegliate, perch\u00e9 non sapete quando \u00e8 il momento!\u201d \u00e8 l\u2019espressione forte che apre il Vangelo di questa prima domenica di Avvento e vuole aprire anche la nostra mente. Il Signore Ges\u00f9 \u00e8 venuto gi\u00e0 in passato nella storia raccontata dal Vangelo, e verr\u00e0 di nuovo in un tempo futuro che non conosciamo. Ma viene anche ora, oggi, sempre, dentro la nostra vita. Ges\u00f9 come altre volte in parabole simili, usa come ambientazione temporale la notte. La nostra vita \u00e8 immersa in una specie di notte, dove manca la grande luce del sole e ci si arrangia con le nostre luci artificiali, dove sembra assente Dio e viviamo della luce di quello che facciamo e guadagniamo, della luce delle persone che abbiamo accanto. Ed \u00e8 proprio dentro questa notte di piccole luci che Ges\u00f9 arriva, non come un sole accecante, ma come una luce umana piccola simile alle nostre, ma definitiva e inesauribile. Siamo addormentati? Siamo distratti dalle troppe luci caotiche della vita? Siamo in grado di cogliere questa luce di Ges\u00f9? E soprattutto ce l\u2019aspettiamo?<\/p>\n<p>Ecco l\u2019occasione per questo tempo di Avvento per farci una prima semplice domanda: cosa mi aspetto davvero dalla vita? E poi un\u2019altra domanda pi\u00f9 di fede: cosa mi aspetto da Ges\u00f9?<\/p>\n<p>La nostra diocesi di Verona ci propone come immagine e modello Maria Vergine del silenzio. Anche noi in Chiesa abbiamo esposto l\u2019icona di Maria che si mette un dito sulle labbra. Fare silenzio significa mettersi in ascolto di noi stessi, di quello che davvero c\u2019\u00e8 nel profondo del cuore, delle nostre attese e domande. Fare silenzio significa anche ascoltare il battito del cuore di chi ci sta accanto per percepire quel che davvero desidera dalla vita e da noi. Fare silenzio alla fine ci far\u00e0 sentire davvero la voce di Ges\u00f9 che deposto nella mangiatoia del nostro cuore, l\u00e0 dove sono le nostre pi\u00f9 vere attese, ci dice: \u201cEccomi\u2026\u201d.<\/p>\n<p>Giovanni don<\/p>\n","protected":false},"excerpt":{"rendered":"<p>Ecco l\u2019occasione per questo tempo di Avvento che prepara al Natale per farci una prima semplice domanda: cosa mi aspetto davvero dalla vita? E poi un\u2019altra domanda pi\u00f9 di fede: cosa mi aspetto da Ges\u00f9? Se facciamo silenzio dentro e attorno a noi dai troppi &#8220;rumori&#8221; sentiremo la risposta di Ges\u00f9: &#8220;Eccomi&#8221; (DOMENICA 3 dicembre 2023 &#8211; I di Avvento)<\/p>\n","protected":false},"author":1,"featured_media":4292,"comment_status":"open","ping_status":"open","sticky":false,"template":"","format":"standard","meta":{"footnotes":""},"categories":[2],"tags":[],"class_list":["post-4291","post","type-post","status-publish","format-standard","has-post-thumbnail","hentry","category-commenti-al-vangelo"],"_links":{"self":[{"href":"https:\/\/www.gioba.it\/sito\/wp-json\/wp\/v2\/posts\/4291","targetHints":{"allow":["GET"]}}],"collection":[{"href":"https:\/\/www.gioba.it\/sito\/wp-json\/wp\/v2\/posts"}],"about":[{"href":"https:\/\/www.gioba.it\/sito\/wp-json\/wp\/v2\/types\/post"}],"author":[{"embeddable":true,"href":"https:\/\/www.gioba.it\/sito\/wp-json\/wp\/v2\/users\/1"}],"replies":[{"embeddable":true,"href":"https:\/\/www.gioba.it\/sito\/wp-json\/wp\/v2\/comments?post=4291"}],"version-history":[{"count":1,"href":"https:\/\/www.gioba.it\/sito\/wp-json\/wp\/v2\/posts\/4291\/revisions"}],"predecessor-version":[{"id":4293,"href":"https:\/\/www.gioba.it\/sito\/wp-json\/wp\/v2\/posts\/4291\/revisions\/4293"}],"wp:featuredmedia":[{"embeddable":true,"href":"https:\/\/www.gioba.it\/sito\/wp-json\/wp\/v2\/media\/4292"}],"wp:attachment":[{"href":"https:\/\/www.gioba.it\/sito\/wp-json\/wp\/v2\/media?parent=4291"}],"wp:term":[{"taxonomy":"category","embeddable":true,"href":"https:\/\/www.gioba.it\/sito\/wp-json\/wp\/v2\/categories?post=4291"},{"taxonomy":"post_tag","embeddable":true,"href":"https:\/\/www.gioba.it\/sito\/wp-json\/wp\/v2\/tags?post=4291"}],"curies":[{"name":"wp","href":"https:\/\/api.w.org\/{rel}","templated":true}]}}