{"id":4317,"date":"2024-01-06T22:28:21","date_gmt":"2024-01-06T21:28:21","guid":{"rendered":"https:\/\/www.gioba.it\/sito\/?p=4317"},"modified":"2024-01-06T22:28:21","modified_gmt":"2024-01-06T21:28:21","slug":"natale-che-non-finisce","status":"publish","type":"post","link":"https:\/\/www.gioba.it\/sito\/2024\/01\/06\/natale-che-non-finisce\/","title":{"rendered":"Natale che non finisce"},"content":{"rendered":"<p><em>Il battesimo di Ges\u00f9 nel fiume Giordano mi porta a ripensare il mio battesimo, quando sono diventato cristiano, cio\u00e8 quando sono stato diventato \u201ccome\u201d Ges\u00f9. La sua storia \u00e8 la mia storia. Dentro la mia vita, le mie parole e azioni ci sono le sue, per un Natale che non si chiude con lo spegnersi delle luminarie.<\/em><\/p>\n<p><em>(DOMENICA 7 gennaio 2024 &#8211;\u00a0BATTESIMO del Signore)<\/em><!--more--><\/p>\n<p>&nbsp;<\/p>\n<blockquote><p>In quel tempo, Giovanni proclamava: \u00abViene dopo di me colui che \u00e8 pi\u00f9 forte di me: io non sono degno di chinarmi per slegare i lacci dei suoi sandali. Io vi ho battezzato con acqua, ma egli vi battezzer\u00e0 in Spirito Santo\u00bb.<br \/>\nEd ecco, in quei giorni, Ges\u00f9 venne da N\u00e0zaret di Galilea e fu battezzato nel Giordano da Giovanni. E, subito, uscendo dall\u2019acqua, vide squarciarsi i cieli e lo Spirito discendere verso di lui come una colomba. E venne una voce dal cielo: \u00abTu sei il Figlio mio, l\u2019amato: in te ho posto il mio compiacimento\u00bb.<\/p>\n<p>(dal Vangelo di Marco 1,7-11)<\/p><\/blockquote>\n<p>&nbsp;<\/p>\n<p>\u201cL\u2019Epifania tutte le feste porta via\u201d. Cos\u00ec recita il detto popolare con il quale si indica che con la Solennit\u00e0 che celebra la visita dei Magi si chiude il tempo di celebrazioni, incontri, auguri, luci e scambio di regali. Con l\u2019Epifania si smontano le decorazioni e i presepi, e con un po\u2019 di senso di nostalgia si chiude un periodo di tempo considerato decisamente migliore e gioioso al confronto di quello della vita ordinaria.<\/p>\n<p>Con i magi che tornano al loro paese (come scrive l\u2019evangelista Matteo) anche noi torniamo al tempo feriale, e il sipario sul Natale per quest\u2019anno si chiude.<\/p>\n<p>Ma non \u00e8 cos\u00ec! Non \u00e8 cos\u00ec nell\u2019insegnamento del Vangelo e tantomeno nella liturgia.<\/p>\n<p>Il \u201ctempo liturgico\u201d del Natale non si chiude con l\u2019Epifania ma con la festa che ricorda il Battesimo di Ges\u00f9 nel Giordano.<\/p>\n<p>A livello di narrazione la storia del Natale fa un lunghissimo salto temporale in avanti, e ingloba Ges\u00f9 che gi\u00e0 adulto, si immerge nelle acque e dal cielo arriva il messaggio di Dio. Non si chiude il sipario, ma si aprono i cieli. Lo \u201cspettacolo\u201d \u00e8 solamente iniziato, e tutta la storia di Ges\u00f9 bambino \u00e8 solo una anteprima. Il bello deve ancora venire!<\/p>\n<p>Chi \u00e8 Ges\u00f9 Cristo? Chi siamo noi che portiamo il suo nome come cristiani? \u00abTu sei il Figlio mio, l\u2019amato: in te ho posto il mio compiacimento\u00bb. Questo messaggio \u00e8 il vero significato del Natale che solo ora inizia davvero. Solo ora Ges\u00f9, \u201cDio-fatto-uomo\u201d si mette pienamente in azione per cambiare il mondo e renderlo pi\u00f9 divino e quindi pi\u00f9 umano. E questo \u00e8 possibile solo nella forza dell\u2019amore.<\/p>\n<p>Con questa consapevolezza di essere amato da Dio, Ges\u00f9 porta avanti la sua missione perch\u00e9 questo amore sia percepito nella mente e nel cuore dei suoi contemporanei, a partire dai pi\u00f9 \u201cnon\u201d amati, dai pi\u00f9 emarginati, piegati da ingiustizie, pregiudizi, sofferenze, e piegati anche dai propri limiti e peccati.<\/p>\n<p>Con Ges\u00f9, i cieli come un sipario si aprono, e Dio, che sembrava incomprensibile, misterioso anche per il modo molto spesso sbagliato di annunciarlo, appare sempre pi\u00f9 chiaro e amabile.<\/p>\n<p>Lo Spirito di vita di Dio scende su Ges\u00f9 e scende sul genere umano come una nuova creazione. Dio Padre aveva creato il mondo, ora lo crea di nuovo con la storia di Ges\u00f9, suo Figlio.<\/p>\n<p>Il battesimo di Ges\u00f9 nel fiume Giordano mi porta a ripensare il mio battesimo, quando sono diventato cristiano, cio\u00e8 quando sono stato diventato \u201ccome\u201d Ges\u00f9.<\/p>\n<p>La sua storia \u00e8 la mia storia. Dentro la mia vita, le mie parole e azioni ci sono le sue, per uno \u201cspettacolo\u201d che non si chiude con lo spegnersi delle luminarie natalizie.<\/p>\n<p>Se rimetto negli scatoloni le decorazioni insieme alle statuine del presepe, non posso inscatolare la mia vita da battezzato, ma la devo tenere sempre fuori, sia nei giorni di festa come in quelli feriali; sia quando lodo, prego e canto in chiesa alla domenica, sia tutti gli altri giorni della settimana, quando lavoro, incontro le persone, quando faccio le cose pi\u00f9 banali, anche quando faccio fatica, quando sto male.<\/p>\n<p>I cieli aperti, anzi squarciati, indicano che il sipario sulla vita di Ges\u00f9 non si pu\u00f2 pi\u00f9 richiudere a meno che non sia io a farlo, non tanto con il peccato, ma con l\u2019indifferenza e la superficialit\u00e0 con le quali a volte vivo il mio battesimo.<\/p>\n<p>Sono figlio amato, siamo figli amati, ed \u00e8 questo ci\u00f2 che possiamo sperimentare come cristiani in un Natale di vita sul quale non si spengono le luci, perch\u00e9 non finisce mai.<\/p>\n<p>Giovanni don<\/p>\n","protected":false},"excerpt":{"rendered":"<p>Il battesimo di Ges\u00f9 nel fiume Giordano mi porta a ripensare il mio battesimo, quando sono diventato cristiano, cio\u00e8 quando sono stato diventato \u201ccome\u201d Ges\u00f9. La sua storia \u00e8 la mia storia. Dentro la mia vita, le mie parole e azioni ci sono le sue, per un Natale che non si chiude con lo spegnersi delle luminarie. (DOMENICA 7 gennaio 2024 &#8211;\u00a0BATTESIMO del Signore)<\/p>\n","protected":false},"author":1,"featured_media":4318,"comment_status":"open","ping_status":"open","sticky":false,"template":"","format":"standard","meta":{"footnotes":""},"categories":[2],"tags":[],"class_list":["post-4317","post","type-post","status-publish","format-standard","has-post-thumbnail","hentry","category-commenti-al-vangelo"],"_links":{"self":[{"href":"https:\/\/www.gioba.it\/sito\/wp-json\/wp\/v2\/posts\/4317","targetHints":{"allow":["GET"]}}],"collection":[{"href":"https:\/\/www.gioba.it\/sito\/wp-json\/wp\/v2\/posts"}],"about":[{"href":"https:\/\/www.gioba.it\/sito\/wp-json\/wp\/v2\/types\/post"}],"author":[{"embeddable":true,"href":"https:\/\/www.gioba.it\/sito\/wp-json\/wp\/v2\/users\/1"}],"replies":[{"embeddable":true,"href":"https:\/\/www.gioba.it\/sito\/wp-json\/wp\/v2\/comments?post=4317"}],"version-history":[{"count":1,"href":"https:\/\/www.gioba.it\/sito\/wp-json\/wp\/v2\/posts\/4317\/revisions"}],"predecessor-version":[{"id":4319,"href":"https:\/\/www.gioba.it\/sito\/wp-json\/wp\/v2\/posts\/4317\/revisions\/4319"}],"wp:featuredmedia":[{"embeddable":true,"href":"https:\/\/www.gioba.it\/sito\/wp-json\/wp\/v2\/media\/4318"}],"wp:attachment":[{"href":"https:\/\/www.gioba.it\/sito\/wp-json\/wp\/v2\/media?parent=4317"}],"wp:term":[{"taxonomy":"category","embeddable":true,"href":"https:\/\/www.gioba.it\/sito\/wp-json\/wp\/v2\/categories?post=4317"},{"taxonomy":"post_tag","embeddable":true,"href":"https:\/\/www.gioba.it\/sito\/wp-json\/wp\/v2\/tags?post=4317"}],"curies":[{"name":"wp","href":"https:\/\/api.w.org\/{rel}","templated":true}]}}