{"id":4398,"date":"2024-05-10T19:35:08","date_gmt":"2024-05-10T17:35:08","guid":{"rendered":"https:\/\/www.gioba.it\/sito\/?p=4398"},"modified":"2024-05-08T19:38:07","modified_gmt":"2024-05-08T17:38:07","slug":"dove-gesu","status":"publish","type":"post","link":"https:\/\/www.gioba.it\/sito\/2024\/05\/10\/dove-gesu\/","title":{"rendered":"dov&#8217;\u00e8 Ges\u00f9?"},"content":{"rendered":"<p><em>Questa \u00e8 la fede: non guardare fuori di noi, in alto, con il rischio continuo della delusione, ma cercare Ges\u00f9 in noi, scoprendo che \u00e8 capace di fare ancora cose straordinarie dentro l&#8217;infinito cielo della nostra vita e delle nostre relazioni.<\/em><\/p>\n<p><em>(DOMENICA 12 maggio 2024 &#8211; Ascensione del Signore)<\/em><!--more--><\/p>\n<p>&nbsp;<\/p>\n<blockquote><p>In quel tempo, [Ges\u00f9 apparve agli Undici] e disse loro: \u00abAndate in tutto il mondo e proclamate il Vangelo a ogni creatura. Chi creder\u00e0 e sar\u00e0 battezzato sar\u00e0 salvato, ma chi non creder\u00e0 sar\u00e0 condannato. Questi saranno i segni che accompagneranno quelli che credono: nel mio nome scacceranno dem\u00f2ni, parleranno lingue nuove, prenderanno in mano serpenti e, se berranno qualche veleno, non recher\u00e0 loro danno; imporranno le mani ai malati e questi guariranno\u00bb.<br \/>\nIl Signore Ges\u00f9, dopo aver parlato con loro, fu elevato in cielo e sedette alla destra di Dio.<br \/>\nAllora essi partirono e predicarono dappertutto, mentre il Signore agiva insieme con loro e confermava la Parola con i segni che la accompagnavano.<\/p>\n<p>(dal vangelo di Marco 16,15-20)<\/p><\/blockquote>\n<p>&nbsp;<\/p>\n<p>Domenica scorsa nella nostra comunit\u00e0 parrocchiale 25 bambini hanno vissuto la loro prima comunione, e tra un paio di domeniche, nel giorno della Santissima Trinit\u00e0, 10 ragazzi e ragazze riceveranno la Confermazione. Come per la prima comunione, anche questa volta \u00e8 un\u2019occasione per me e per tutta la comunit\u00e0 parrocchiale per ripensare il cammino di fede.<\/p>\n<p>In vista della celebrazione, in questi giorni, mi sto ritrovando con i ragazzi che faranno la Cresima, per vedere a che punto \u00e8 la loro fede battesimale che ricever\u00e0 il \u201csigillo dello Spirito Santo\u201d (come recita la formula del sacramento).<\/p>\n<p>Non vorrei che fossero \u201cspettatori passivi\u201d di una celebrazione che nella quasi totalit\u00e0 dei casi (per non dire in tutti i casi) a quell\u2019et\u00e0 \u00e8 stata chiesta dalla famiglia, e non da loro direttamente.<\/p>\n<p>La domanda \u00e8 semplice: \u201cDove sta Ges\u00f9 nella loro vita?\u201d<\/p>\n<p>E questa domanda ovviamente ne attiva altre: \u201cDove sta Ges\u00f9 nella mia vita?\u201d, \u201cDove sta Ges\u00f9 nella vita della parrocchia, della Chiesa\u2026 del mondo?\u201d<\/p>\n<p>L\u2019Ascensione di Ges\u00f9 in cielo ogni anno viene ricordata esattamente 40 giorni dopo la Pasqua. \u00c8 cos\u00ec in accordo con uno dei racconti dell\u2019evento, in particolare quello di Luca all\u2019inizio degli Atti degli Apostoli (\u201cEgli si mostr\u00f2 a essi vivo, dopo la sua passione, con molte prove, durante quaranta giorni\u2026\u201d). Ma lo stesso Luca alla fine del suo Vangelo, al capitolo 24, colloca questo avvenimento di Ges\u00f9 che risorto sale in cielo, lo stesso giorno della Pasqua. Anche l\u2019evangelista Marco che leggiamo quest\u2019anno pone l\u2019Ascensione lo stesso giorno. E a parte questa discrepanza temporale, la domanda \u00e8 anche \u201ccosa significa in cielo?\u201d. Siamo tutti d\u2019accordo che il cielo di Dio non \u00e8 lo spazio profondo delle galassie. E allora dove sta Ges\u00f9?<\/p>\n<p>I racconti del Vangelo non sono una cronaca dettagliata, ma indicazioni simboliche che possono aiutare a trovare la verit\u00e0 degli avvenimenti e il messaggio per noi oggi. L\u2019Ascensione di Ges\u00f9 ci dice che da un certo punto in poi Ges\u00f9 non \u00e8 pi\u00f9 presente nel modo diretto e umano con il quale lo hanno potuto conoscere i suoi contemporanei e soprattutto gli amici. Ges\u00f9 con la sua morte in croce non \u00e8 pi\u00f9 il Ges\u00f9 di prima, ma non per questo sparisce e non \u00e8 pi\u00f9 sperimentabile.<\/p>\n<p>Ges\u00f9 \u00e8 ancora vivo, ma in modo nuovo e non solo per i suoi amici di allora, che nel frattempo sono tutti morti.<\/p>\n<p>Ges\u00f9 \u00e8 ancora presente nel mondo, anche se nel mondo nel corso di 2000 anni di Storia sono cambiate tante cose e in modo profondo.<\/p>\n<p>Ges\u00f9 con l\u2019Ascensione non \u00e8 uscito di scena, ma \u00e8 entrato in una scena nuova e pi\u00f9 universale.<\/p>\n<p>Stare a guardare il cielo, in attesa di un segno lontano e fuori dal mondo che ci dica che Dio esiste, \u00e8 la cosa pi\u00f9 sbagliata. Il cielo non \u00e8 sopra di noi ma dentro di noi, dentro le nostre relazioni umane, dentro la nostra storia.<\/p>\n<p>\u00c8 vero che il nostro cielo personale e comunitario sembrano pieni di nubi scure, pieni di un buio che ha poco di \u201cparadiso\u201d. Facciamo fatica a pensare che Ges\u00f9 risorto con la forza del suo amore sia dentro di noi. Ma invece \u00e8 proprio questo l\u2019annuncio che ci viene fatto e che attraverso di noi deve giungere a tutti gli uomini.<\/p>\n<p>Questa \u00e8 la fede: non guardare fuori di noi, in alto, con il rischio continuo della delusione, ma cercare Ges\u00f9 in noi, scoprendo che \u00e8 capace di fare ancora cose straordinarie.<\/p>\n<p>\u201cQuesti saranno i segni che accompagneranno quelli che credono: nel mio nome scacceranno dem\u00f2ni, parleranno lingue nuove, prenderanno in mano serpenti e, se berranno qualche veleno, non recher\u00e0 loro danno; imporranno le mani ai malati e questi guariranno.\u201d<\/p>\n<p>Con Ges\u00f9 vivente in noi possiamo sconfiggere i demoni del potere e dell\u2019egoismo che portano ai conflitti e alle guerre, possiamo abbattere le barriere di incomunicabilit\u00e0 tra culture e popoli, possiamo prendere in mano anche i nostri mali senza lasciarci soffocare e avvelenare, possiamo prenderci cura di tutte le malattie, soprattutto quella pi\u00f9 diffusa della solitudine. Ecco dove sta Ges\u00f9!<\/p>\n<p>E i nostri ragazzi? Non penso sia il tempo di indottrinamenti e di inquadramenti. Spero (e prego) che nella loro vita da cristiani, non sentano Ges\u00f9 come una imposizione, ma come una forza amica interiore che d\u00e0 forza al loro cuore, ai loro desideri, alla loro voglia di vivere.<\/p>\n<p>Giovanni don<\/p>\n","protected":false},"excerpt":{"rendered":"<p>Questa \u00e8 la fede: non guardare fuori di noi, in alto, con il rischio continuo della delusione, ma cercare Ges\u00f9 in noi, scoprendo che \u00e8 capace di fare ancora cose straordinarie dentro l&#8217;infinito cielo della nostra vita e delle nostre relazioni. (DOMENICA 12 maggio 2024 &#8211; Ascensione del Signore)<\/p>\n","protected":false},"author":1,"featured_media":4399,"comment_status":"open","ping_status":"open","sticky":false,"template":"","format":"standard","meta":{"footnotes":""},"categories":[2],"tags":[],"class_list":["post-4398","post","type-post","status-publish","format-standard","has-post-thumbnail","hentry","category-commenti-al-vangelo"],"_links":{"self":[{"href":"https:\/\/www.gioba.it\/sito\/wp-json\/wp\/v2\/posts\/4398","targetHints":{"allow":["GET"]}}],"collection":[{"href":"https:\/\/www.gioba.it\/sito\/wp-json\/wp\/v2\/posts"}],"about":[{"href":"https:\/\/www.gioba.it\/sito\/wp-json\/wp\/v2\/types\/post"}],"author":[{"embeddable":true,"href":"https:\/\/www.gioba.it\/sito\/wp-json\/wp\/v2\/users\/1"}],"replies":[{"embeddable":true,"href":"https:\/\/www.gioba.it\/sito\/wp-json\/wp\/v2\/comments?post=4398"}],"version-history":[{"count":1,"href":"https:\/\/www.gioba.it\/sito\/wp-json\/wp\/v2\/posts\/4398\/revisions"}],"predecessor-version":[{"id":4400,"href":"https:\/\/www.gioba.it\/sito\/wp-json\/wp\/v2\/posts\/4398\/revisions\/4400"}],"wp:featuredmedia":[{"embeddable":true,"href":"https:\/\/www.gioba.it\/sito\/wp-json\/wp\/v2\/media\/4399"}],"wp:attachment":[{"href":"https:\/\/www.gioba.it\/sito\/wp-json\/wp\/v2\/media?parent=4398"}],"wp:term":[{"taxonomy":"category","embeddable":true,"href":"https:\/\/www.gioba.it\/sito\/wp-json\/wp\/v2\/categories?post=4398"},{"taxonomy":"post_tag","embeddable":true,"href":"https:\/\/www.gioba.it\/sito\/wp-json\/wp\/v2\/tags?post=4398"}],"curies":[{"name":"wp","href":"https:\/\/api.w.org\/{rel}","templated":true}]}}