{"id":4449,"date":"2024-07-19T19:42:40","date_gmt":"2024-07-19T17:42:40","guid":{"rendered":"https:\/\/www.gioba.it\/sito\/?p=4449"},"modified":"2024-07-19T19:42:40","modified_gmt":"2024-07-19T17:42:40","slug":"gesu-a-riposo","status":"publish","type":"post","link":"https:\/\/www.gioba.it\/sito\/2024\/07\/19\/gesu-a-riposo\/","title":{"rendered":"Ges\u00f9 a riposo"},"content":{"rendered":"<p><em>Tempo di vacanza e di riposo. Pi\u00f9 ci prendiamo cura del riposo del prossimo pi\u00f9 lo viviamo in modo bello noi stessi, e diventiamo davvero simili a Ges\u00f9 che nella fatica della sua missione si preoccupava anche del riposo dei suoi amici. Ma gi\u00e0 ora\u2026 non solo quello eterno.<\/em><br \/>\n<em><span style=\"font-size: 1.125rem;\">(DOMENICA 21 luglio 2024 &#8211; <\/span><span style=\"font-size: 1.125rem;\">XVI anno B)<\/span><\/em><!--more--><\/p>\n<p>&nbsp;<\/p>\n<blockquote><p>In quel tempo, gli apostoli si riunirono attorno a Ges\u00f9 e gli riferirono tutto quello che avevano fatto e quello che avevano insegnato. Ed egli disse loro: \u00abVenite in disparte, voi soli, in un luogo deserto, e riposatevi un po\u2019\u00bb. Erano infatti molti quelli che andavano e venivano e non avevano neanche il tempo di mangiare.<br \/>\nAllora andarono con la barca verso un luogo deserto, in disparte. Molti per\u00f2 li videro partire e capirono, e da tutte le citt\u00e0 accorsero l\u00e0 a piedi e li precedettero.<br \/>\nSceso dalla barca, egli vide una grande folla, ebbe compassione di loro, perch\u00e9 erano come pecore che non hanno pastore, e si mise a insegnare loro molte cose.<br \/>\n(dal Vangelo di Marco 6,30-34)<\/p><\/blockquote>\n<p>&nbsp;<\/p>\n<p>Diversi anni fa, una signora molto anziana a cui facevo come parroco ogni tanto visita, quando parlava della sua morte, con un gran senso dell\u2019umorismo non diceva mai \u201cquando sar\u00e0 morta\u201d, ma sorridendo usava sempre l\u2019espressione \u201cquando andr\u00f2 alle isole Figi\u201d. Diceva cos\u00ec perch\u00e9 immaginava la sua partenza da questo mondo come una vacanza meravigliosa dove finalmente stare in pace e riposare in un posto bellissimo da tutte le fatiche della vita. E per lei le Isole Figi, che sono in mezzo all\u2019Oceano Pacifico lontano da tutto, erano il posto pi\u00f9 vicino alla sua idea di riposo eterno.<\/p>\n<p>Quando Ges\u00f9 invita i suoi amici ad andare con lui in un luogo deserto a riposare, non ha certo in mente il deserto in senso letterale, con sabbia o rocce e sotto il sole, ma un luogo dove stare finalmente in pace, fuori da ogni lavoro e fatica, lontano da chi ti cerca e ha sempre bisogno di te, un luogo dove rallentare i ritmi della giornata e stare in compagnia con le persone che si amano.<\/p>\n<p>L\u2019evangelista Marco commenta questo invito di Ges\u00f9 aggiungendo \u201cinfatti erano molti quelli che andavano e venivano e non avevano neanche il tempo di mangiare\u201d.<\/p>\n<p>Ges\u00f9 nel Vangelo ci appare infaticabile nei suoi spostamenti da una parte e l\u2019altra, e in fondo tutta la sua missione \u00e8 in salita fino al monte Calvario. \u00c8 una salita la sua fatta di tantissimi incontri e scontri sia con le autorit\u00e0 che anche con i suoi discepoli e amici. Di fatto anche questa volta non gli va molto bene, e l\u2019evangelista ci racconta che il progetto di riposare non va a buon fine. L\u2019urgenza delle folle con i suoi problemi e richieste anche stavolta non permettono a Ges\u00f9 e discepoli di riposare.<\/p>\n<p>Eppure questo richiamo ad andare in disparte e riposare \u00e8 presente nel racconto del Vangelo, e non pu\u00f2 che colpirmi in questo tempo estivo che per molti coincide con progetti di vacanze e riposo.<\/p>\n<p>Io sono parroco in un paese del Lago di Garda che fonda la sua principale attivit\u00e0 economica sul turismo. Qui si lavora con il riposo degli altri, e c\u2019\u00e8 una grande tradizione di accoglienza per chi cerca giorni di vacanza.<\/p>\n<p>Tanti miei parrocchiani in questo periodo lavorano anche il doppio per poter accogliere nel modo migliore i tanti turisti, e in genere lo fanno con la consapevolezza piena dell\u2019importanza della vacanza fatta bene e che sia il pi\u00f9 riposante possibile. E tanti sono sicuro lo fanno anche per esperienza, perch\u00e9 a loro volta, quando ne hanno la possibilit\u00e0, si prendono un tempo pi\u00f9 o meno lungo di vacanza e riposo.<\/p>\n<p>La parola stessa \u201cvacanza\u201d indica uno spazio vuoto, che \u00e8 giusto mettere del \u201cvuoto\u201d nel nostro tempo pieno di corse, urgenze e tante cose da fare. Abbiamo davvero bisogno di rallentare i ritmi per ritrovare il giusto ritmo della vita, che \u00e8 fatta anche di relazioni belle e di riposo della mente e del corpo. Ges\u00f9 che \u00e8 entrato dentro la dimensione umana conosce questa esigenza per s\u00e9 e per i propri amici.<\/p>\n<p>Purtroppo ci sono tantissime situazioni nelle quali non \u00e8 possibile avere spazio e tempo di vacanza e di riposo. Sono tanti coloro che per questioni economiche e anche per problemi famigliari non hanno possibilit\u00e0 di fermarsi, viaggiare e riposare davvero. Anche questa \u00e8 una povert\u00e0 che non possiamo come cristiani dimenticare. E ci sono anche tanti nostri fratelli e sorelle nel mondo che viaggiano, ma non per piacere, ma per necessit\u00e0, scappando da guerre e povert\u00e0. Sono tanti i migranti che non viaggiano come turisti, e faticano a trovare un posto dove fermarsi, riposare e vivere nella pace delle relazioni famigliari e tra persone amiche. Anche questo riposo negato non lo possiamo dimenticare, e anche di questa povert\u00e0 abbiamo il compito di prenderci cura.<\/p>\n<p>\u00c8 vero che per tutti verr\u00e0 il momento in cui si andr\u00e0 \u201calle Isole Figi\u201d che sono in Dio, ma anche ora, in vita, per noi, per chi ci sta vicino, e anche per i tanti che ne hanno diritto, dobbiamo fare in modo che tutti possano vivere il deserto e il riposo, come quello che Ges\u00f9 voleva con i suoi amici. La vacanza dal punto di vista cristiano non \u00e8 mai pensata \u201csolo per s\u00e9 stessi\u201d ma anche per gli altri.<\/p>\n<p>Pi\u00f9 ci prendiamo cura del riposo del prossimo pi\u00f9 lo viviamo in modo bello noi stessi, e diventiamo davvero simili a Ges\u00f9 che nella fatica della sua missione si preoccupava anche del riposo dei suoi amici. Ma gi\u00e0 ora\u2026 non solo quello eterno.<\/p>\n","protected":false},"excerpt":{"rendered":"<p>Tempo di vacanza e di riposo. Pi\u00f9 ci prendiamo cura del riposo del prossimo pi\u00f9 lo viviamo in modo bello noi stessi, e diventiamo davvero simili a Ges\u00f9 che nella fatica della sua missione si preoccupava anche del riposo dei suoi amici. Ma gi\u00e0 ora\u2026 non solo quello eterno. (DOMENICA 21 luglio 2024 &#8211; XVI anno B)<\/p>\n","protected":false},"author":1,"featured_media":4450,"comment_status":"open","ping_status":"open","sticky":false,"template":"","format":"standard","meta":{"footnotes":""},"categories":[2],"tags":[],"class_list":["post-4449","post","type-post","status-publish","format-standard","has-post-thumbnail","hentry","category-commenti-al-vangelo"],"_links":{"self":[{"href":"https:\/\/www.gioba.it\/sito\/wp-json\/wp\/v2\/posts\/4449","targetHints":{"allow":["GET"]}}],"collection":[{"href":"https:\/\/www.gioba.it\/sito\/wp-json\/wp\/v2\/posts"}],"about":[{"href":"https:\/\/www.gioba.it\/sito\/wp-json\/wp\/v2\/types\/post"}],"author":[{"embeddable":true,"href":"https:\/\/www.gioba.it\/sito\/wp-json\/wp\/v2\/users\/1"}],"replies":[{"embeddable":true,"href":"https:\/\/www.gioba.it\/sito\/wp-json\/wp\/v2\/comments?post=4449"}],"version-history":[{"count":1,"href":"https:\/\/www.gioba.it\/sito\/wp-json\/wp\/v2\/posts\/4449\/revisions"}],"predecessor-version":[{"id":4451,"href":"https:\/\/www.gioba.it\/sito\/wp-json\/wp\/v2\/posts\/4449\/revisions\/4451"}],"wp:featuredmedia":[{"embeddable":true,"href":"https:\/\/www.gioba.it\/sito\/wp-json\/wp\/v2\/media\/4450"}],"wp:attachment":[{"href":"https:\/\/www.gioba.it\/sito\/wp-json\/wp\/v2\/media?parent=4449"}],"wp:term":[{"taxonomy":"category","embeddable":true,"href":"https:\/\/www.gioba.it\/sito\/wp-json\/wp\/v2\/categories?post=4449"},{"taxonomy":"post_tag","embeddable":true,"href":"https:\/\/www.gioba.it\/sito\/wp-json\/wp\/v2\/tags?post=4449"}],"curies":[{"name":"wp","href":"https:\/\/api.w.org\/{rel}","templated":true}]}}