{"id":4545,"date":"2024-11-23T13:19:05","date_gmt":"2024-11-23T12:19:05","guid":{"rendered":"https:\/\/www.gioba.it\/sito\/?p=4545"},"modified":"2024-11-23T13:19:35","modified_gmt":"2024-11-23T12:19:35","slug":"il-potere-del-vangelo","status":"publish","type":"post","link":"https:\/\/www.gioba.it\/sito\/2024\/11\/23\/il-potere-del-vangelo\/","title":{"rendered":"il potere del Vangelo"},"content":{"rendered":"<p><em>Ges\u00f9 esercita il suo potere con la forza dell\u2019amore, con la fatica del perdono, con la bellezza dell\u2019ascolto, con la dolcezza delle parole, con la concretezza della carit\u00e0, con la sorpresa del dono. Ecco le armi del potere di Ges\u00f9 re dell\u2019universo. Ci crediamo come cristiani? (DOMENICA 24 novembre 2024 &#8211; XXXIV anno B Cristo Re dell\u2019universo)<\/em><!--more--><\/p>\n<blockquote><p>In quel tempo, Pilato disse a Ges\u00f9: \u00abSei tu il re dei Giudei?\u00bb. Ges\u00f9 rispose: \u00abDici questo da te, oppure altri ti hanno parlato di me?\u00bb. Pilato disse: \u00abSono forse io Giudeo? La tua gente e i capi dei sacerdoti ti hanno consegnato a me. Che cosa hai fatto?\u00bb.<br \/>\nRispose Ges\u00f9: \u00abIl mio regno non \u00e8 di questo mondo; se il mio regno fosse di questo mondo, i miei servitori avrebbero combattuto perch\u00e9 non fossi consegnato ai Giudei; ma il mio regno non \u00e8 di quaggi\u00f9\u00bb.<br \/>\nAllora Pilato gli disse: \u00abDunque tu sei re?\u00bb. Rispose Ges\u00f9: \u00abTu lo dici: io sono re. Per questo io sono nato e per questo sono venuto nel mondo: per dare testimonianza alla verit\u00e0. Chiunque \u00e8 dalla verit\u00e0, ascolta la mia voce\u00bb.<br \/>\n(dal Vangelo di Giovanni 18,33-37)<\/p><\/blockquote>\n<p>&nbsp;<\/p>\n<p>Che cos\u2019\u00e8 il potere? il grande sociologo Max Weber, vissuto a cavallo tra XIX e XX secolo dice: \u201cIl potere \u00e8 la possibilit\u00e0 che un individuo, agendo nell&#8217;ambito di una relazione sociale, faccia valere la propria volont\u00e0 anche di fronte a un&#8217;opposizione\u201d.<\/p>\n<p>Nel Vangelo di questa domenica, a poco pi\u00f9 di un mese dalla celebrazione del Natale, abbiamo un confronto di poteri: quello di Pilato e quello di Ges\u00f9.<\/p>\n<p>Pilato \u00e8 il rappresentante del pi\u00f9 grande potente del mondo, l\u2019imperatore di Roma, mentre Ges\u00f9 \u00e8 un uomo in catene che si definisce come inviato da Dio, e alla domanda se \u00e8 \u201cre\u201d lui risponde di s\u00ec.<\/p>\n<p>Nel quadro del Vangelo di questa domenica abbiamo una difronte all\u2019altra due potenze, quella di Roma e quella di Dio, che non sono l\u00ec per una conferenza sulla pace o per uno scambio di convenevoli, ma per un vero e proprio scontro. Chi vincer\u00e0?<br \/>\nIn questo periodo storico assistiamo a diversi drammatici scontri di potere nelle guerre tra i popoli del mondo. Abbiamo Russia contro Ucraina, lo Stato di Israele contro i gruppi terroristici di Hamas e Hezbollah a Gaza e in Libano, e sullo sfondo lo scontro con l\u2019Iran. Abbiamo guerre in Africa e nel Sud Est Asiatico, tra nazioni e dentro le stesse nazioni in guerre civili che dilaniano i popoli. E poi ci sono le guerre commerciali tra potenze economiche come tra Cina e Usa e Europa. Ma scendendo nel piccolo delle nostre vite ci sono guerre sociali e anche dentro le famiglie, dove ci si arma uno contro l\u2019altro per avere pi\u00f9 potenza e forza, con il fine di prevalere.<\/p>\n<p>Se il potere \u00e8 \u201cfar valere la propria volont\u00e0\u201d su chi si oppone, Ges\u00f9 ha questo potere difronte a Pilato e ai Capi religiosi che lo hanno consegnato a lui? Sembra proprio di no!<\/p>\n<p>Ma se Ges\u00f9 \u00e8 Dio, perch\u00e9 non fa prevalere il suo potere infinito e impone la sua volont\u00e0 che sappiamo \u00e8 per il bene, per la vita e la fraternit\u00e0? Perch\u00e9 \u00e8 cos\u00ec debole e finir\u00e0 crocifisso?<\/p>\n<p>Perch\u00e9 non finiscono le guerre, perch\u00e9 non riescono a mettersi d\u2019accordo rinunciando a distruggersi reciprocamente causando solo sofferenza e morte? Perch\u00e9 non scendere a compromessi e trovare la via che fa finire i conflitti anche dentro le nostre relazioni personali? Perch\u00e9 Dio non fa qualcosa con la sua onnipotenza?<\/p>\n<p>\u201cIl mio regno non \u00e8 di questo mondo; se il mio regno fosse di questo mondo, i miei servitori avrebbero combattuto perch\u00e9 non fossi consegnato ai Giudei; ma il mio regno non \u00e8 di quaggi\u00f9\u201d. Con questa frase cos\u00ec enigmatica Ges\u00f9 tenta di mostrarci la strada per comprendere non solo la sua vicenda con Pilato ma anche la nostra di oggi, dentro i nostri conflitti.<\/p>\n<p>Ges\u00f9 non sta guardando fuori dal mondo in senso fisico, come si riferisse a un pianeta di qualche galassia lontana, e non sta parlando di un tempo fuori dalla sua e la nostra Storia. Il mondo e il tempo a cui Ges\u00f9 si riferisce sono dentro il nostro mondo e il nostro tempo, e sono un mondo e un tempo in cui il potere non si esercita con la forza bruta, con i missili, con le guerre commerciali e con la prevaricazione fisica e morale. Ges\u00f9 esercita il suo potere la forza dell\u2019amore, con la fatica del perdono, con la bellezza dell\u2019ascolto, con la dolcezza delle parole, con la concretezza della carit\u00e0, con la sorpresa del dono. Ecco le armi del potere di Ges\u00f9 re dell\u2019universo, che vince perdendo, che vive per sempre anche morendo per amore, che anche se \u00e8 lasciato solo accoglie tutti.<\/p>\n<p>Ci crediamo come cristiani? Siamo capaci di esercitare questo potere che \u00e8 alla nostra portata? Ci crediamo che non apparteniamo solo al mondo della violenza ma apparteniamo all\u2019esercito del regno di Dio?<\/p>\n<p>C\u2019\u00e8 uno scontro che forse \u00e8 pi\u00f9 difficile ma decisivo per tutti gli altri scontri, e non \u00e8 contro qualcun altro fuori di noi, ma \u201ccontro\u201d noi stessi. Siamo tutti un po\u2019 Pilato e un po\u2019 Ges\u00f9, dentro di noi c\u2019\u00e8 un po\u2019 del mondo dell\u2019Imperatore di Roma e un po\u2019 del Regno di Dio.<\/p>\n<p>Stando accanto a Ges\u00f9 nella preghiera, nell\u2019ascolto del Vangelo e nella vita comunitaria, impariamo pian piano a far prevalere pi\u00f9 Ges\u00f9 e meno Pilato, pi\u00f9 il potere di Dio e meno quello dell\u2019uomo, e diventiamo anche noi stessi dei potentissimi Re, come Ges\u00f9.<\/p>\n<p>Giovanni don<\/p>\n","protected":false},"excerpt":{"rendered":"<p>Ges\u00f9 esercita il suo potere con la forza dell\u2019amore, con la fatica del perdono, con la bellezza dell\u2019ascolto, con la dolcezza delle parole, con la concretezza della carit\u00e0, con la sorpresa del dono. Ecco le armi del potere di Ges\u00f9 re dell\u2019universo. Ci crediamo come cristiani? (DOMENICA 24 novembre 2024 &#8211; XXXIV anno B Cristo Re dell\u2019universo)<\/p>\n","protected":false},"author":1,"featured_media":4546,"comment_status":"open","ping_status":"open","sticky":false,"template":"","format":"standard","meta":{"footnotes":""},"categories":[2],"tags":[],"class_list":["post-4545","post","type-post","status-publish","format-standard","has-post-thumbnail","hentry","category-commenti-al-vangelo"],"_links":{"self":[{"href":"https:\/\/www.gioba.it\/sito\/wp-json\/wp\/v2\/posts\/4545","targetHints":{"allow":["GET"]}}],"collection":[{"href":"https:\/\/www.gioba.it\/sito\/wp-json\/wp\/v2\/posts"}],"about":[{"href":"https:\/\/www.gioba.it\/sito\/wp-json\/wp\/v2\/types\/post"}],"author":[{"embeddable":true,"href":"https:\/\/www.gioba.it\/sito\/wp-json\/wp\/v2\/users\/1"}],"replies":[{"embeddable":true,"href":"https:\/\/www.gioba.it\/sito\/wp-json\/wp\/v2\/comments?post=4545"}],"version-history":[{"count":2,"href":"https:\/\/www.gioba.it\/sito\/wp-json\/wp\/v2\/posts\/4545\/revisions"}],"predecessor-version":[{"id":4548,"href":"https:\/\/www.gioba.it\/sito\/wp-json\/wp\/v2\/posts\/4545\/revisions\/4548"}],"wp:featuredmedia":[{"embeddable":true,"href":"https:\/\/www.gioba.it\/sito\/wp-json\/wp\/v2\/media\/4546"}],"wp:attachment":[{"href":"https:\/\/www.gioba.it\/sito\/wp-json\/wp\/v2\/media?parent=4545"}],"wp:term":[{"taxonomy":"category","embeddable":true,"href":"https:\/\/www.gioba.it\/sito\/wp-json\/wp\/v2\/categories?post=4545"},{"taxonomy":"post_tag","embeddable":true,"href":"https:\/\/www.gioba.it\/sito\/wp-json\/wp\/v2\/tags?post=4545"}],"curies":[{"name":"wp","href":"https:\/\/api.w.org\/{rel}","templated":true}]}}