{"id":4628,"date":"2025-03-15T16:59:01","date_gmt":"2025-03-15T15:59:01","guid":{"rendered":"https:\/\/www.gioba.it\/sito\/?p=4628"},"modified":"2025-03-15T16:59:01","modified_gmt":"2025-03-15T15:59:01","slug":"la-fabbrica-dei-sogni","status":"publish","type":"post","link":"https:\/\/www.gioba.it\/sito\/2025\/03\/15\/la-fabbrica-dei-sogni\/","title":{"rendered":"la fabbrica dei sogni"},"content":{"rendered":"<p><em>La preghiera per il cristiano \u00e8 un tempo di bellezza, non tanto esteriore, ma interiore. La preghiera \u00e8 il tempo in cui entriamo dentro il sogno di Dio con il cuore e la mente e scopriamo la bellezza anche del nostro mondo interiore abitato da Dio. E da questo sogno iniziamo a cambiare il mondo.(DOMENICA 16 marzo 2025 &#8211; II di Quaresima)<\/em><!--more--><\/p>\n<p>&nbsp;<\/p>\n<blockquote><p>In quel tempo, Ges\u00f9 prese con s\u00e9 Pietro, Giovanni e Giacomo e sal\u00ec sul monte a pregare. Mentre pregava, il suo volto cambi\u00f2 d\u2019aspetto e la sua veste divenne candida e sfolgorante. Ed ecco, due uomini conversavano con lui: erano Mos\u00e8 ed El\u00eca, apparsi nella gloria, e parlavano del suo esodo, che stava per compiersi a Gerusalemme.<br \/>\nPietro e i suoi compagni erano oppressi dal sonno; ma, quando si svegliarono, videro la sua gloria e i due uomini che stavano con lui.<br \/>\nMentre questi si separavano da lui, Pietro disse a Ges\u00f9: \u00abMaestro, \u00e8 bello per noi essere qui. Facciamo tre capanne, una per te, una per Mos\u00e8 e una per El\u00eca\u00bb. Egli non sapeva quello che diceva.<br \/>\nMentre parlava cos\u00ec, venne una nube e li copr\u00ec con la sua ombra. All\u2019entrare nella nube, ebbero paura. E dalla nube usc\u00ec una voce, che diceva: \u00abQuesti \u00e8 il Figlio mio, l\u2019eletto; ascoltatelo!\u00bb.<br \/>\nAppena la voce cess\u00f2, rest\u00f2 Ges\u00f9 solo. Essi tacquero e in quei giorni non riferirono a nessuno ci\u00f2 che avevano visto.(dal Vangelo di Luca 9,28-36)<\/p><\/blockquote>\n<p>&nbsp;<\/p>\n<p>Si chiama Cinecitt\u00e0 il luogo, fondato quasi 90 anni fa, dove a Roma si producono ancora oggi moltissimi film internazionali e anche serie televisive. Cinecitt\u00e0 viene anche chiamata con un termine molto efficace: \u201cla fabbrica dei sogni\u201d. Da questa fabbrica fatta di enormi set e scenografie prendono forma cinematografica storie ambientate in luoghi spesso molto lontani nel tempo e nello spazio, che sono possibili davvero solo nei sogni. Amo molto i film perch\u00e9 nello spazio di un paio d\u2019ore (tempo medio di un film) si pu\u00f2 raccontare l\u2019intera vita di una persona, un fatto epico e anche tutta la storia del mondo. Bastano a volte poche inquadrature con le giuste battute e la scenografia adeguata e il sogno diventa visibile e rimane impresso nella memoria.<\/p>\n<p>Ges\u00f9 porta i suoi tre amici e discepoli, Pietro, Giacomo e Giovanni, sul monte. L\u2019evangelista Luca dice espressamente \u201csul\u201d monte, con sottinteso che non \u00e8 un monte qualsiasi, ma \u00e8 un luogo conosciuto da tutti, anche da coloro che ascoltano la storia. \u00c8 il monte della preghiera, il monte interiore che ci fa salire in alto con la mente e il cuore. E su questo monte, per un tempo che non \u00e8 quantificato, Ges\u00f9 diventa luminoso e chiaro. Agli occhi dei suoi amici la storia di Ges\u00f9 appare comprensibile dall\u2019inizio alla fine. Ges\u00f9 viene da Dio, e anche se per i capi religiosi appare come eretico e bestemmiatore, in realt\u00e0 \u00e8 pienamente in linea con Mos\u00e8 e Elia, la massima espressione e punto di riferimento della tradizione religiosa di Israele. E la voce che scende dal cielo, da Dio stesso, incredibilmente udibile anche a loro, dice che Ges\u00f9, per quando possa sembrare debole davanti alla forza umana, anche quando verr\u00e0 preso e messo in croce, viene da Dio Padre e deve essere ascoltato.<\/p>\n<p>Questa \u00e8 la trasfigurazione. \u00c8 un tempo tra sogno e realt\u00e0 in cui tutto appare chiaro, possibile e carico di speranza.<\/p>\n<p>Per questo motivo si comprende bene l\u2019espressione di Pietro che dice semplicemente \u201c\u00e8 bello per noi essere qui\u201d. Pietro e gli altri sperimentano quel momento di trasfigurazione come un momento di bellezza per gli occhi e per il cuore, un momento da fermare per sempre.<\/p>\n<p>Ma come ci succede quando al cinema il bel film che abbiamo gustato e nel quale ci siamo immersi come un sogno finisce, anche per Pietro, Giacomo e Giovanni \u00e8 venuto il tempo di scendere dal monte e ritornare alla vita normale, che non \u00e8 chiara, limpida e avvolgente come la visione sul monte. Sarebbe stato bello che quel film non fosse mai finito, ma non pu\u00f2 durare per sempre. Il monte della trasfigurazione \u00e8 come una fabbrica dei sogni, di cui i discepoli hanno bisogno per il cammino di fede con Ges\u00f9. La trasfigurazione \u00e8 quel sogno spirituale che apre gli occhi del cuore e fa vedere oltre la vita quotidiana, e fa comprendere da dove viene Ges\u00f9 e dove porta la sua storia.<\/p>\n<p>Il tempo della preghiera cos\u00ec importante per noi cristiani potrebbe sembrare davvero un tempo inutile difronte alle tante cose concrete che dobbiamo fare. La preghiera, sia quella personale che quella comunitaria (come lo \u00e8 la messa), \u00e8 un tempo nel quale possiamo vedere Ges\u00f9, Dio e la nostra stessa vita con occhi pi\u00f9 chiari e luminosi. Pregare con il Vangelo, approfondendo le parole di Ges\u00f9 e imparando dai suoi gesti, \u00e8 come entrare nella sala cinematografica del nostro cuore e gustare la bellezza trasfigurata della fede. Nella fabbrica dei sogni spirituali della fede possiamo davvero sentire anche noi la voce di Dio che ci parla. Magari non sentiamo questa voce in maniera chiara e immediata, ma Dio comunque ci parla ci fa vedere oltre noi stessi, oltre la durezza della realt\u00e0.<\/p>\n<p>Se diamo spazio alla preghiera, un po\u2019 del sogno di Dio prender\u00e0 forma anche dentro di noi e potremo dire anche noi insieme a Pietro: \u201c\u00e8 bello per noi essere qui\u201d.<\/p>\n<p>\u00c8 bello per noi essere qui in questo mondo anche con i suoi limiti e violenze. \u00c8 bello per noi essere qui dentro la nostra vita pur segnata da errori e fragilit\u00e0. \u00c8 bello per noi essere qui in questa Chiesa non priva di incoerenze e piccolezze. \u00c8 bello per noi essere qui in questa vita che non \u00e8 mai perfetta, ma ha solo bisogno di essere guardata con occhi nuovi, trasfigurati. Gli occhi della preghiera.<\/p>\n","protected":false},"excerpt":{"rendered":"<p>La preghiera per il cristiano \u00e8 un tempo di bellezza, non tanto esteriore, ma interiore. La preghiera \u00e8 il tempo in cui entriamo dentro il sogno di Dio con il cuore e la mente e scopriamo la bellezza anche del nostro mondo interiore abitato da Dio. E da questo sogno iniziamo a cambiare il mondo.(DOMENICA 16 marzo 2025 &#8211; II di Quaresima)<\/p>\n","protected":false},"author":1,"featured_media":4629,"comment_status":"open","ping_status":"open","sticky":false,"template":"","format":"standard","meta":{"footnotes":""},"categories":[2],"tags":[],"class_list":["post-4628","post","type-post","status-publish","format-standard","has-post-thumbnail","hentry","category-commenti-al-vangelo"],"_links":{"self":[{"href":"https:\/\/www.gioba.it\/sito\/wp-json\/wp\/v2\/posts\/4628","targetHints":{"allow":["GET"]}}],"collection":[{"href":"https:\/\/www.gioba.it\/sito\/wp-json\/wp\/v2\/posts"}],"about":[{"href":"https:\/\/www.gioba.it\/sito\/wp-json\/wp\/v2\/types\/post"}],"author":[{"embeddable":true,"href":"https:\/\/www.gioba.it\/sito\/wp-json\/wp\/v2\/users\/1"}],"replies":[{"embeddable":true,"href":"https:\/\/www.gioba.it\/sito\/wp-json\/wp\/v2\/comments?post=4628"}],"version-history":[{"count":1,"href":"https:\/\/www.gioba.it\/sito\/wp-json\/wp\/v2\/posts\/4628\/revisions"}],"predecessor-version":[{"id":4630,"href":"https:\/\/www.gioba.it\/sito\/wp-json\/wp\/v2\/posts\/4628\/revisions\/4630"}],"wp:featuredmedia":[{"embeddable":true,"href":"https:\/\/www.gioba.it\/sito\/wp-json\/wp\/v2\/media\/4629"}],"wp:attachment":[{"href":"https:\/\/www.gioba.it\/sito\/wp-json\/wp\/v2\/media?parent=4628"}],"wp:term":[{"taxonomy":"category","embeddable":true,"href":"https:\/\/www.gioba.it\/sito\/wp-json\/wp\/v2\/categories?post=4628"},{"taxonomy":"post_tag","embeddable":true,"href":"https:\/\/www.gioba.it\/sito\/wp-json\/wp\/v2\/tags?post=4628"}],"curies":[{"name":"wp","href":"https:\/\/api.w.org\/{rel}","templated":true}]}}