{"id":4692,"date":"2025-05-31T16:52:13","date_gmt":"2025-05-31T14:52:13","guid":{"rendered":"https:\/\/www.gioba.it\/sito\/?p=4692"},"modified":"2025-05-31T16:52:34","modified_gmt":"2025-05-31T14:52:34","slug":"una-chiesa-senza-tetto","status":"publish","type":"post","link":"https:\/\/www.gioba.it\/sito\/2025\/05\/31\/una-chiesa-senza-tetto\/","title":{"rendered":"una chiesa senza tetto"},"content":{"rendered":"<p><em>L\u2019ascensione di Ges\u00f9 al cielo ci dice cos\u2019\u00e8 la Chiesa: una comunit\u00e0 aperta, senza barriere, dove anche nei momenti pi\u00f9 bui si pu\u00f2 percepire un cielo vicino. Un luogo semplice che parla di Dio con la voce della bellezza e della speranza.<\/em><br \/>\n<em>(DOMENICA 1 giugno 2025 &#8211;\u00a0ASCENSIONE del Signore)<\/em><!--more--><\/p>\n<p>&nbsp;<\/p>\n<blockquote><p>In quel tempo, Ges\u00f9 disse ai suoi discepoli: \u00abCos\u00ec sta scritto: il Cristo patir\u00e0 e risorger\u00e0 dai morti il terzo giorno, e nel suo nome saranno predicati a tutti i popoli la conversione e il perdono dei peccati, cominciando da Gerusalemme. Di questo voi siete testimoni. Ed ecco, io mando su di voi colui che il Padre mio ha promesso; ma voi restate in citt\u00e0, finch\u00e9 non siate rivestiti di potenza dall\u2019alto\u00bb.<br \/>\nPoi li condusse fuori verso Bet\u00e0nia e, alzate le mani, li benedisse. Mentre li benediceva, si stacc\u00f2 da loro e veniva portato su, in cielo. Ed essi si prostrarono davanti a lui; poi tornarono a Gerusalemme con grande gioia e stavano sempre nel tempio lodando Dio.<br \/>\n(dal Vangelo di Luca 24,46-53)<\/p><\/blockquote>\n<p>&nbsp;<\/p>\n<p>Nell\u2019antica Abbazia di Maguzzano, a Lonato, non lontano dalla mia parrocchia sul Garda, esiste un luogo davvero speciale che arricchisce la bellezza e la spiritualit\u00e0 del complesso.<\/p>\n<p>Nel parco, tra gli ulivi, la comunit\u00e0 religiosa ha creato uno spazio di preghiera che, a prima vista, sembra un antico rudere: vi sono i muri perimetrali, un altare di pietra, finestre senza vetri e alcune colonne. Tuttavia, mancano il tetto e un portone d\u2019ingresso. Questo luogo si chiama \u201cla Madonna degli Olivi\u201d ed \u00e8 stato volutamente realizzato cos\u00ec: aperto, senza copertura, immerso negli ulivi tipici del Garda, a disposizione di chiunque voglia pregare in raccoglimento, da solo o in piccoli gruppi.<\/p>\n<figure id=\"attachment_4694\" aria-describedby=\"caption-attachment-4694\" style=\"width: 346px\" class=\"wp-caption alignright\"><a href=\"https:\/\/www.gioba.it\/sito\/wp-content\/uploads\/2025\/05\/EopstbzRCyyjRWaz2fykKbsiLkKNwNQXsseRDoeCbFTUfRXaP52sgN2kkJuywq9q9ok.jpg\"><img loading=\"lazy\" decoding=\"async\" class=\"wp-image-4694\" src=\"https:\/\/www.gioba.it\/sito\/wp-content\/uploads\/2025\/05\/EopstbzRCyyjRWaz2fykKbsiLkKNwNQXsseRDoeCbFTUfRXaP52sgN2kkJuywq9q9ok.jpg\" alt=\"\" width=\"346\" height=\"260\" srcset=\"https:\/\/www.gioba.it\/sito\/wp-content\/uploads\/2025\/05\/EopstbzRCyyjRWaz2fykKbsiLkKNwNQXsseRDoeCbFTUfRXaP52sgN2kkJuywq9q9ok.jpg 1280w, https:\/\/www.gioba.it\/sito\/wp-content\/uploads\/2025\/05\/EopstbzRCyyjRWaz2fykKbsiLkKNwNQXsseRDoeCbFTUfRXaP52sgN2kkJuywq9q9ok-300x225.jpg 300w, https:\/\/www.gioba.it\/sito\/wp-content\/uploads\/2025\/05\/EopstbzRCyyjRWaz2fykKbsiLkKNwNQXsseRDoeCbFTUfRXaP52sgN2kkJuywq9q9ok-1024x768.jpg 1024w, https:\/\/www.gioba.it\/sito\/wp-content\/uploads\/2025\/05\/EopstbzRCyyjRWaz2fykKbsiLkKNwNQXsseRDoeCbFTUfRXaP52sgN2kkJuywq9q9ok-768x576.jpg 768w\" sizes=\"auto, (max-width: 346px) 100vw, 346px\" \/><\/a><figcaption id=\"caption-attachment-4694\" class=\"wp-caption-text\">Madonna degli Olivi nel parco dell&#8217;Abbazia di Maguzzano (Lonato del Garda)<\/figcaption><\/figure>\n<p>Sembra quasi strano chiamarla \u201cchiesa\u201d, perch\u00e9 non \u00e8 chiusa, non offre riparo in caso di maltempo, n\u00e9 in inverno. Eppure, proprio questa sua caratteristica la rende un\u2019immagine potente di ci\u00f2 che dovrebbe essere la Chiesa in senso pi\u00f9 ampio: la comunit\u00e0 dei credenti.<\/p>\n<p>Nelle antiche chiese medievali e barocche, spesso la volta sopra la navata \u2013 lo spazio della liturgia \u2013 era decorata come un cielo aperto: dipinta con stelle, nuvole e figure celesti attorno a Dio, a Ges\u00f9, alla Madonna e ai santi. Erano \u201ccieli finti\u201d che, tuttavia, volevano esprimere una verit\u00e0 profonda: la presenza di Dio in mezzo alla comunit\u00e0 cristiana. Quando i credenti si radunano per pregare, vivono un\u2019esperienza in cui la dimensione divina tocca quella umana, e viceversa. \u00c8 come se, per un attimo, si annullasse quella distanza che spesso sentiamo tra Dio e l\u2019uomo nella fatica della vita quotidiana.<\/p>\n<p>Il Vangelo racconta proprio questo: Dio che entra nella Storia attraverso l\u2019uomo Ges\u00f9 e che vince il pi\u00f9 grande nemico, la morte. Il racconto dell\u2019Ascensione \u2013 presente nei Vangeli di Marco e Luca \u2013 non vuole descrivere un volo di un razzo nello spazio, ma dirci che Ges\u00f9, l\u2019uomo crocifisso e risorto, \u00e8 Dio, e con Lui la dimensione divina non \u00e8 pi\u00f9 inaccessibile.<\/p>\n<p>Ci sono tanti momenti nella vita, personale e comunitaria, in cui Dio sembra lontano e il suo amore irraggiungibile: la malattia che isola e indebolisce, l\u2019abbandono che pietrifica il cuore, le guerre e gli orrori che sembrano sigillare la speranza. Ma il Vangelo ci annuncia che non \u00e8 detta l\u2019ultima parola: Dio non \u00e8 lontano, il cielo non \u00e8 chiuso.<\/p>\n<p>L\u2019Ascensione di Ges\u00f9 non parla di distanza, ma di vicinanza eterna. Ci rivela che Cristo ora vive per tutti e in ogni luogo, non solo nella Gerusalemme di duemila anni fa.<\/p>\n<p>Gli apostoli, felici al termine di quella lunga giornata di Pasqua \u2013 dal disorientamento della tomba vuota al mattino, alla gioia profonda della sera \u2013 ci indicano cosa pu\u00f2 essere per noi la fede: un cammino di trasformazione, da cuore pesante a cuore leggero, da tristezza a gioia, da chiusura a speranza. Fede \u00e8 alzare gli occhi e scoprire che Dio \u00e8 vicino, sempre.<\/p>\n<p>Quella strana chiesa senza tetto e senza porte, tra gli ulivi, \u00e8 un\u2019immagine viva di come dovrebbe essere la comunit\u00e0 cristiana: uno spazio aperto, senza barriere n\u00e9 dogane (come spesso ricordava Papa Francesco), un luogo dove sentirsi accolti e risollevati lungo il cammino della vita. Una Chiesa che, pur con i piedi per terra, fa percepire la presenza del cielo, la vicinanza di Dio, che non \u00e8 n\u00e9 lontano n\u00e9 irraggiungibile.<\/p>\n<p>E la gioia dei primi discepoli \u00e8 la nostra vocazione e missione. In un mondo che sembra aver smarrito la gioia, i cristiani \u2013 con piccoli gesti, nel modo di stare insieme, nel pregare \u2013 possono ancora donarla a chi la cerca.<\/p>\n<p>In cielo come in terra.<\/p>\n","protected":false},"excerpt":{"rendered":"<p>L\u2019ascensione di Ges\u00f9 al cielo ci dice cos\u2019\u00e8 la Chiesa: una comunit\u00e0 aperta, senza barriere, dove anche nei momenti pi\u00f9 bui si pu\u00f2 percepire un cielo vicino. Un luogo semplice che parla di Dio con la voce della bellezza e della speranza. (DOMENICA 1 giugno 2025 &#8211;\u00a0ASCENSIONE del Signore)<\/p>\n","protected":false},"author":1,"featured_media":4693,"comment_status":"open","ping_status":"open","sticky":false,"template":"","format":"standard","meta":{"footnotes":""},"categories":[2],"tags":[],"class_list":["post-4692","post","type-post","status-publish","format-standard","has-post-thumbnail","hentry","category-commenti-al-vangelo"],"_links":{"self":[{"href":"https:\/\/www.gioba.it\/sito\/wp-json\/wp\/v2\/posts\/4692","targetHints":{"allow":["GET"]}}],"collection":[{"href":"https:\/\/www.gioba.it\/sito\/wp-json\/wp\/v2\/posts"}],"about":[{"href":"https:\/\/www.gioba.it\/sito\/wp-json\/wp\/v2\/types\/post"}],"author":[{"embeddable":true,"href":"https:\/\/www.gioba.it\/sito\/wp-json\/wp\/v2\/users\/1"}],"replies":[{"embeddable":true,"href":"https:\/\/www.gioba.it\/sito\/wp-json\/wp\/v2\/comments?post=4692"}],"version-history":[{"count":2,"href":"https:\/\/www.gioba.it\/sito\/wp-json\/wp\/v2\/posts\/4692\/revisions"}],"predecessor-version":[{"id":4696,"href":"https:\/\/www.gioba.it\/sito\/wp-json\/wp\/v2\/posts\/4692\/revisions\/4696"}],"wp:featuredmedia":[{"embeddable":true,"href":"https:\/\/www.gioba.it\/sito\/wp-json\/wp\/v2\/media\/4693"}],"wp:attachment":[{"href":"https:\/\/www.gioba.it\/sito\/wp-json\/wp\/v2\/media?parent=4692"}],"wp:term":[{"taxonomy":"category","embeddable":true,"href":"https:\/\/www.gioba.it\/sito\/wp-json\/wp\/v2\/categories?post=4692"},{"taxonomy":"post_tag","embeddable":true,"href":"https:\/\/www.gioba.it\/sito\/wp-json\/wp\/v2\/tags?post=4692"}],"curies":[{"name":"wp","href":"https:\/\/api.w.org\/{rel}","templated":true}]}}