{"id":470,"date":"2009-01-09T12:02:06","date_gmt":"2009-01-09T11:02:06","guid":{"rendered":"http:\/\/www.gioba.it\/?p=470"},"modified":"2009-01-09T15:39:47","modified_gmt":"2009-01-09T14:39:47","slug":"un-battesimo-da-scegliere-non-da-subire","status":"publish","type":"post","link":"https:\/\/www.gioba.it\/sito\/2009\/01\/09\/un-battesimo-da-scegliere-non-da-subire\/","title":{"rendered":"un Battesimo da scegliere, non da sub\u00ecre"},"content":{"rendered":"<p><strong>domenica 11 gennaio 2009<br \/>\nBATTESIMO di Ges\u00f9<\/strong> <\/p>\n<p><a href='http:\/\/www.gioba.it\/sito\/wp-content\/uploads\/2009\/01\/testa-o-croce-colored.jpg' title='testa-o-croce-colored.jpg'><img src='http:\/\/www.gioba.it\/sito\/wp-content\/uploads\/2009\/01\/testa-o-croce-colored.miniatura.jpg' alt='testa-o-croce-colored.jpg' \/><\/a><\/p>\n<blockquote><p><strong>In quel tempo, Giovanni proclamava: \u00abViene dopo di me colui che \u00e8 pi\u00f9 forte di me: io non sono degno di chinarmi per slegare i lacci dei suoi sandali. Io vi ho battezzato con acqua, ma egli vi battezzer\u00e0\u00a0 in Spirito Santo\u00bb.<br \/>\nEd ecco, in quei giorni, Ges\u00f9 venne da N\u00e0\u00a0zaret di Galilea e fu battezzato nel Giordano da Giovanni. E, subito, uscendo dall&#8217;acqua, vide squarciarsi i cieli e lo Spirito discendere verso di lui come una colomba. E venne una voce dal cielo: \u00abTu sei il Figlio mio, l&#8217;amato: in te ho posto il mio compiacimento\u00bb.<br \/>\n(dal Vangelo di Marco 1,7-11)<\/p><\/blockquote>\n<p>Con questo rito di purificazione nel fiume Giordano, Ges\u00f9 inizia il suo ministero di Messia, nel quale far\u00e0\u00a0 conoscere Dio Padre e il  Suo Regno, che \u00e8 presente gi\u00e0\u00a0 sulla terra, con la predicazione e soprattutto con la stessa sua vita.<br \/>\nAnche noi con il Battesimo abbiamo iniziato il cammino di vita e di testimonianza cristiana. Il Battesimo ci rende infatti come Ges\u00f9&#8230; anzi, ci fa diventare parte di Lui, un &#8220;pezzetto&#8221; di Ges\u00f9 che messo insieme a tutti gli altri (gli altri cristiani) formamo il Corpo di Cristo. Lui \u00e8 vivente ancora oggi perch\u00e8 noi tutti come cristiani messi insieme siamo vivi, e continuiamo quello che Lui ha fatto, portiamo avanti il suo messaggio secondo il suo stesso stile di vita.<\/p>\n<p>Problema numero uno: io non ho scelto di essere e di fare tutto questo! Non ricordo di aver dato il mio consenso ai miei genitori di farmi diventare cristiano&#8230;<br \/>\nProblema numero due: dove sta per me quella libert\u00e0\u00a0 dei figli di Dio se oramai sono &#8220;inserito a forza&#8221; nella Chiesa? <\/p>\n<p>Molti vivono il Battesimo ricevuto come una sorta di &#8220;violenza&#8221; spirituale che li ha inseriti in una realt\u00e0\u00a0 che sentono imposta. Molti altri (forse la maggioranza?) non dicono nulla e semplicemente non ci pensano; vivono l&#8217;appartenenza cristiana come una sorta di &#8220;fatalismo&#8221; che per\u00f2 li lascia liberi di aderire o meno, in parte o al tutto&#8230; tanto &#8220;non l&#8217;ho scelto io&#8230;&#8221; Essere cristiani si riduce quindi ad una appartenenza molto cultural-folcloristica. Ci si sente cristiani come ci si sente italiani.<br \/>\nA mio avviso tra queste due posizioni trovo pi\u00f9 interessante la prima. In questa &#8220;ribellione&#8221; all&#8217;imposizione del Battesimo c&#8217;\u00e8 la convinzione che la fede non pu\u00f2 che essere che una scelta libera e consapevole.<br \/>\nIo sono quel che scelgo di essere, e devo scegliere quello che vivo, specialmente se si tratta di qualcosa di fondamentale come la vita interiore da dove ha inizio la mia vita di ogni giorno.<br \/>\nLa fede non va sub\u00ecta o sopportata, va scelta.<br \/>\nCredo davvero che per una buona crescita di fede cristiana si debba passare necessariamente da un rifiuto di questa, se vissuta come imposizione e fatalismo.<br \/>\nE&#8217; tipico dell&#8217;et\u00e0\u00a0 dell&#8217;adolescenza rifiutare le regole degli adulti e &#8220;trasgredire&#8221;. E&#8217; una fase necessaria che d\u00e0\u00a0 l&#8217;occasione di riscegliere personalmente e in modo adulto i valori che stanno dietro le regole. All&#8217;adolescente non basta come motivazione di una regola il &#8220;si \u00e8 sempre fatto cos\u00ec&#8221; e il &#8220;perch\u00e8 di si&#8230;e basta&#8221;.<br \/>\nCos\u00ec \u00e8 anche per chi vuole crescere nella fede, nell&#8217;essere &#8220;di Cristo&#8221; con il Battesimo.<br \/>\nIo non ho scelto il Battesimo, quando i miei genitori da piccolo mi hanno portato in Chiesa, ma lo scelgo ora, e lo voglio scegliere anche domani. Non ho paura delle crisi e dei dubbi che mi possono assalire. Non mi accontento di &#8220;eseguire&#8221; il minimo delle regole senza ragionare, e in una infantile e de-responsabilizzante obbedienza cieca. Non mi basta che le cose della fede &#8220;le abbia dette il prete in chiesa&#8221;. Voglio capire anch&#8217;io, voglio andare in fondo e discutere.<br \/>\nPenso che i dialoghi pi\u00f9 fecondi li ho avuti proprio con chi contestava la fede, la Chiesa, le regole e anche il Vangelo. Ho avuto occasioni preziose per uscire dai &#8220;luoghi comuni&#8221; che rischiano di non farmi ragionare, e sono stato &#8220;costretto&#8221; a ri-motivare le cose che dico e che vivo.<\/p>\n<ul>\nGes\u00f9 quel giorno nel fiume Giordano non ha compiuto solo un formale rito esteriore. Quel giorno i cieli si sono aperti per lui e Ges\u00f9 Figlio ha sentito con le sue orecchie umane la voce di Dio Padre che gli diceva &#8220;&#8230;sei l&#8217;amato&#8230;&#8221;.<br \/>\nE&#8217; con questa consapevolezza profonda di amore vero che Ges\u00f9 allora si \u00e8 mosso.<br \/>\nLa fede ci deve colpire al cuore perch\u00e8 non basta che sia una adesione formale. Il nostro Battesimo non deve avere la sua unica prova nel registro parrocchiale custodito gelosamente negli archivi del prete. Il nostro Battesimo si deve vedere nel nostro agire quotidiano convinto e sereno. Si deve vedere anche nei nostri occhi!<br \/>\nChi mi incontra possa sempre vedere in me un individuo che proprio in quel momento (con la parola e i fatti) sceglie di esser cristiano. Chi mi incontra possa sempre vedere in me uno che sceglie di essere &#8220;Cristo&#8221;, per lui.<\/ul>\n<p><\/strong><br \/>\nGiovanni don<\/p>\n","protected":false},"excerpt":{"rendered":"<p>domenica 11 gennaio 2009 BATTESIMO di Ges\u00f9 In quel tempo, Giovanni proclamava: \u00abViene dopo di me colui che \u00e8 pi\u00f9 forte di me: io non sono degno di chinarmi per slegare i lacci dei suoi sandali. Io vi ho battezzato con acqua, ma egli vi battezzer\u00e0\u00a0 in Spirito Santo\u00bb. Ed ecco, in quei giorni, Ges\u00f9 venne da N\u00e0\u00a0zaret di Galilea e fu battezzato nel Giordano da Giovanni. E, subito, uscendo dall&#8217;acqua, vide squarciarsi i cieli e lo Spirito discendere verso di lui come una colomba. E venne una voce dal cielo: \u00abTu sei il Figlio mio, l&#8217;amato: in te ho<\/p>\n","protected":false},"author":1,"featured_media":0,"comment_status":"open","ping_status":"open","sticky":false,"template":"","format":"standard","meta":{"footnotes":""},"categories":[],"tags":[],"class_list":["post-470","post","type-post","status-publish","format-standard","hentry"],"_links":{"self":[{"href":"https:\/\/www.gioba.it\/sito\/wp-json\/wp\/v2\/posts\/470","targetHints":{"allow":["GET"]}}],"collection":[{"href":"https:\/\/www.gioba.it\/sito\/wp-json\/wp\/v2\/posts"}],"about":[{"href":"https:\/\/www.gioba.it\/sito\/wp-json\/wp\/v2\/types\/post"}],"author":[{"embeddable":true,"href":"https:\/\/www.gioba.it\/sito\/wp-json\/wp\/v2\/users\/1"}],"replies":[{"embeddable":true,"href":"https:\/\/www.gioba.it\/sito\/wp-json\/wp\/v2\/comments?post=470"}],"version-history":[{"count":0,"href":"https:\/\/www.gioba.it\/sito\/wp-json\/wp\/v2\/posts\/470\/revisions"}],"wp:attachment":[{"href":"https:\/\/www.gioba.it\/sito\/wp-json\/wp\/v2\/media?parent=470"}],"wp:term":[{"taxonomy":"category","embeddable":true,"href":"https:\/\/www.gioba.it\/sito\/wp-json\/wp\/v2\/categories?post=470"},{"taxonomy":"post_tag","embeddable":true,"href":"https:\/\/www.gioba.it\/sito\/wp-json\/wp\/v2\/tags?post=470"}],"curies":[{"name":"wp","href":"https:\/\/api.w.org\/{rel}","templated":true}]}}