{"id":4740,"date":"2025-08-16T17:18:18","date_gmt":"2025-08-16T15:18:18","guid":{"rendered":"https:\/\/www.gioba.it\/sito\/?p=4740"},"modified":"2025-08-16T17:18:18","modified_gmt":"2025-08-16T15:18:18","slug":"vangelo-infuocato","status":"publish","type":"post","link":"https:\/\/www.gioba.it\/sito\/2025\/08\/16\/vangelo-infuocato\/","title":{"rendered":"Vangelo infuocato"},"content":{"rendered":"<p><em>Ges\u00f9 non porta una pace comoda, ma un fuoco che divide: chi si accontenta di un camino finto acceso a comando, e chi arde davvero per giustizia e amore. Il Vangelo provoca: da che parte sto? Con i cristiani spenti o con chi non ha pace finch\u00e9 non c\u2019\u00e8 pace per tutti?<\/em><br \/>\n<em>(DOMENICA 17 agosto 2025 &#8211; XX anno C)<\/em><!--more--><\/p>\n<p>&nbsp;<\/p>\n<blockquote><p>In quel tempo, Ges\u00f9 disse ai suoi discepoli:<br \/>\n\u00abSono venuto a gettare fuoco sulla terra, e quanto vorrei che fosse gi\u00e0 acceso! Ho un battesimo nel quale sar\u00f2 battezzato, e come sono angosciato finch\u00e9 non sia compiuto!<br \/>\nPensate che io sia venuto a portare pace sulla terra? No, io vi dico, ma divisione. D\u2019ora innanzi, se in una famiglia vi sono cinque persone, saranno divisi tre contro due e due contro tre; si divideranno padre contro figlio e figlio contro padre, madre contro figlia e figlia contro madre, suocera contro nuora e nuora contro suocera\u00bb.<br \/>\n(dal Vangelo di Luca 12,49-53)<\/p><\/blockquote>\n<p>&nbsp;<\/p>\n<p>Parole davvero spiazzanti, quelle del Vangelo di questa domenica. Ges\u00f9 parla di fuoco sulla terra in un tempo estivo torrido: non solo per la stagione, ma anche perch\u00e9 viviamo in un\u2019epoca di cambiamenti climatici che rendono davvero pi\u00f9 caldo il clima in tutto il mondo, con le conseguenze che conosciamo bene: sconvolgimenti che portano inondazioni, nubifragi e poi la desertificazione che avanza.<br \/>\nAncora pi\u00f9 spiazzanti sono le parole di Ges\u00f9 quando dice: \u201cPensate che io sia venuto a portare pace sulla terra? No, io vi dico, ma divisione\u201d. E le ascoltiamo proprio oggi, a meno di 24 ore dal tanto atteso vertice tra Putin e Trump per la pace in Ucraina, che \u00e8 sembrato carico di sorrisi e strette di mano, ma senza alcuna vera svolta. Cos\u00ec le divisioni rimangono, e si vedono nella guerra che continua. Ma la guerra divide in maniera tragica anche israeliani e palestinesi, a Gaza e in Cisgiordania. E cos\u00ec la triste profezia di Ges\u00f9, che vede divisioni perfino dentro le famiglie, diventa concreta tra quei popoli che sono fratelli: russi e ucraini, israeliani e palestinesi\u2026 E di guerre piccole o grandi, nel mondo, se ne contano attualmente un centinaio, con conseguenze di morte e povert\u00e0 soprattutto per i pi\u00f9 deboli.<\/p>\n<p>Non \u00e8 affatto un Vangelo facile da ascoltare, perch\u00e9 stavolta non ha parole consolanti e pacificanti. Ricordiamo che la parola \u201cVangelo\u201d significa \u201cbuona notizia\u201d, e Ges\u00f9 che parla di fuoco e divisione non sembra proprio una buona notizia.<br \/>\nMa \u00e8 proprio il \u201cdisagio\u201d iniziale nell\u2019ascoltare queste parole che mi obbliga a un ascolto pi\u00f9 profondo e vero, a non fermarmi a una prima impressione. \u00c8 proprio ci\u00f2 che dice Ges\u00f9 a scuotermi e a farmi ripensare alla fede nella quale sono battezzato, cio\u00e8 immerso.<br \/>\nIl Vangelo \u00e8 sempre \u201cbuona notizia\u201d, anche oggi, anche con queste parole letteralmente \u201cdi fuoco\u201d.<\/p>\n<p>E allora, meditando le parole, capisco che quel fuoco che Ges\u00f9 vuole accendere nel mondo non riguarda il clima, ma il cuore dell\u2019uomo, soprattutto il cuore della comunit\u00e0 dei credenti. \u00c8 un fuoco di passione per il bene, per la giustizia, per la pace, che sembra continuamente spegnersi nella mente, nel cuore e, alla fine, nelle mani degli uomini.<br \/>\nDell\u2019innamorato si dice che letteralmente \u201carde\u201d per la persona amata, e per quella persona \u00e8 pronto a tutto. Il giorno del nostro Battesimo, come simbolo, \u00e8 stata accesa una piccola candela. Quella fiamma \u00e8 diventata fuoco vivo che illumina e scalda, oppure si \u00e8 spenta? Come credenti in Ges\u00f9, cosa siamo disposti a fare perch\u00e9 le parole del Signore diventino realt\u00e0 dentro la nostra vita e nel mondo?<br \/>\nSu YouTube esistono video ad altissima definizione che riproducono un fuoco acceso in un camino. Basta far partire il video sulle grandi TV a schermo piatto e, sia nell\u2019immagine sia nel rumore, abbiamo l\u2019illusione di un camino acceso in salotto. Possiamo farlo andare senza fatica, accendendolo e spegnendolo con un click sul telecomando. \u00c8 cos\u00ec la nostra fede? Un bel fuoco che accendiamo e spegniamo in qualche momento, ma che non scalda e non cambia nulla?<\/p>\n<p>La provocazione di Ges\u00f9, che dice di non essere venuto a portare la pace ma la divisione, non riguarda le guerre in corso e i conflitti infiniti che abbiamo anche tra di noi, ma lo \u201cstarsene in pace\u201d. Il cristiano non \u00e8 uno che se ne sta in pace quando ci sono ingiustizie e povert\u00e0, quando qualcuno soffre e ha bisogno. Ges\u00f9 non se ne stava mai in pace finch\u00e9 vedeva anche un solo piccolo dimenticato o una vittima del potente di turno. Ges\u00f9 \u00e8 Dio che non rimane nella pace beata dell\u2019eternit\u00e0, al riparo da tutto, ma sceglie di entrare come vero uomo dentro la Storia, e non si d\u00e0 mai pace finch\u00e9 c\u2019\u00e8 anche un solo uomo che soffre, finch\u00e9 non ci sia per tutti la vera pace.<\/p>\n<p>Ecco la divisione di cui ci parla il Vangelo. Io, da che parte sto? Dalla parte dei cristiani spenti, col fuoco finto, che se ne stanno in pace? O dalla parte di chi si accende di amore per il Vangelo, che brucia dentro vedendo ingiustizie e povert\u00e0, e sceglie di non starsene mai in pace finch\u00e9 non ci sia la pace per tutti?<\/p>\n","protected":false},"excerpt":{"rendered":"<p>Ges\u00f9 non porta una pace comoda, ma un fuoco che divide: chi si accontenta di un camino finto acceso a comando, e chi arde davvero per giustizia e amore. Il Vangelo provoca: da che parte sto? Con i cristiani spenti o con chi non ha pace finch\u00e9 non c\u2019\u00e8 pace per tutti? (DOMENICA 17 agosto 2025 &#8211; XX anno C)<\/p>\n","protected":false},"author":1,"featured_media":4741,"comment_status":"open","ping_status":"open","sticky":false,"template":"","format":"standard","meta":{"footnotes":""},"categories":[2],"tags":[],"class_list":["post-4740","post","type-post","status-publish","format-standard","has-post-thumbnail","hentry","category-commenti-al-vangelo"],"_links":{"self":[{"href":"https:\/\/www.gioba.it\/sito\/wp-json\/wp\/v2\/posts\/4740","targetHints":{"allow":["GET"]}}],"collection":[{"href":"https:\/\/www.gioba.it\/sito\/wp-json\/wp\/v2\/posts"}],"about":[{"href":"https:\/\/www.gioba.it\/sito\/wp-json\/wp\/v2\/types\/post"}],"author":[{"embeddable":true,"href":"https:\/\/www.gioba.it\/sito\/wp-json\/wp\/v2\/users\/1"}],"replies":[{"embeddable":true,"href":"https:\/\/www.gioba.it\/sito\/wp-json\/wp\/v2\/comments?post=4740"}],"version-history":[{"count":1,"href":"https:\/\/www.gioba.it\/sito\/wp-json\/wp\/v2\/posts\/4740\/revisions"}],"predecessor-version":[{"id":4742,"href":"https:\/\/www.gioba.it\/sito\/wp-json\/wp\/v2\/posts\/4740\/revisions\/4742"}],"wp:featuredmedia":[{"embeddable":true,"href":"https:\/\/www.gioba.it\/sito\/wp-json\/wp\/v2\/media\/4741"}],"wp:attachment":[{"href":"https:\/\/www.gioba.it\/sito\/wp-json\/wp\/v2\/media?parent=4740"}],"wp:term":[{"taxonomy":"category","embeddable":true,"href":"https:\/\/www.gioba.it\/sito\/wp-json\/wp\/v2\/categories?post=4740"},{"taxonomy":"post_tag","embeddable":true,"href":"https:\/\/www.gioba.it\/sito\/wp-json\/wp\/v2\/tags?post=4740"}],"curies":[{"name":"wp","href":"https:\/\/api.w.org\/{rel}","templated":true}]}}