{"id":4744,"date":"2025-08-23T17:50:44","date_gmt":"2025-08-23T15:50:44","guid":{"rendered":"https:\/\/www.gioba.it\/sito\/?p=4744"},"modified":"2025-08-23T17:50:44","modified_gmt":"2025-08-23T15:50:44","slug":"le-misure-della-porta-stretta","status":"publish","type":"post","link":"https:\/\/www.gioba.it\/sito\/2025\/08\/23\/le-misure-della-porta-stretta\/","title":{"rendered":"le misure della porta stretta"},"content":{"rendered":"<p><em>Ges\u00f9 parla della \u201cporta stretta\u201d come via della salvezza. \u00c8 la croce, porta finale fatta su misura del suo amore infinito, ma anche le tante porte quotidiane: i poveri, i sofferenti, chi attende ascolto e accoglienza. Per seguirlo davvero dobbiamo attraversarle, liberandoci di ci\u00f2 che ingombra.<\/em><br \/>\n<em>DOMENICA 24 agosto 2025 &#8211; XXI anno C)<\/em><!--more--><\/p>\n<p>&nbsp;<\/p>\n<blockquote><p>In quel tempo, Ges\u00f9 passava insegnando per citt\u00e0 e villaggi, mentre era in cammino verso Gerusalemme.<br \/>\nUn tale gli chiese: \u00abSignore, sono pochi quelli che si salvano?\u00bb.<br \/>\nDisse loro: \u00abSforzatevi di entrare per la porta stretta, perch\u00e9 molti, io vi dico, cercheranno di entrare, ma non ci riusciranno.<br \/>\nQuando il padrone di casa si alzer\u00e0 e chiuder\u00e0 la porta, voi, rimasti fuori, comincerete a bussare alla porta, dicendo: \u201cSignore, aprici!\u201d. Ma egli vi risponder\u00e0: \u201cNon so di dove siete\u201d. Allora comincerete a dire: \u201cAbbiamo mangiato e bevuto in tua presenza e tu hai insegnato nelle nostre piazze\u201d. Ma egli vi dichiarer\u00e0: \u201cVoi, non so di dove siete. Allontanatevi da me, voi tutti operatori di ingiustizia!\u201d.<br \/>\nL\u00e0 ci sar\u00e0 pianto e stridore di denti, quando vedrete Abramo, Isacco e Giacobbe e tutti i profeti nel regno di Dio, voi invece cacciati fuori.<br \/>\nVerranno da oriente e da occidente, da settentrione e da mezzogiorno e siederanno a mensa nel regno di Dio. Ed ecco, vi sono ultimi che saranno primi, e vi sono primi che saranno ultimi\u00bb.<br \/>\n(dal Vangelo di Luca 13,22-30)<\/p><\/blockquote>\n<p>&nbsp;<\/p>\n<p>Mio padre, insieme ai suoi tre fratelli, aveva una piccola ditta artigianale di serramenti in alluminio. La ditta produceva principalmente finestre, basculanti per garage e portoncini per abitazioni. Tutto era fatto su misura, e il compito di mio padre, che dei quattro fratelli era il pi\u00f9 anziano, era quello di seguire i clienti e curare la vendita. Ricordo bene quando, in estate, mi portava con s\u00e9 in qualche casa in costruzione o in ristrutturazione a prendere le misure dei serramenti; ricordo anche che capitava spesso che alcune finestre o porte avessero dimensioni molto particolari, che richiedevano davvero un prodotto su misura.<\/p>\n<p>Nel Vangelo, Ges\u00f9, rispondendo alla domanda di un tale che lo interroga sulla salvezza, usa l\u2019immagine della \u201cporta stretta\u201d. Porta stretta in che senso? Quanto \u00e8 larga e quanto \u00e8 alta? Che forma ha questa porta cos\u00ec particolare attraverso la quale siamo chiamati a passare per salvarci? E cos\u00ec mi \u00e8 balenata alla mente l\u2019immagine di mio padre che prende le misure di questa misteriosa porta stretta.<\/p>\n<p>Che cosa mette in comunicazione questa porta? \u00c8 una porta interna alla casa? \u00c8 il portoncino principale dello stabile o uno secondario? \u00c8 la porta del garage o di una rimessa per gli attrezzi?<\/p>\n<p>Per avere qualche misura in pi\u00f9 di questa porta \u00e8 importante considerare il contesto in cui \u00e8 posta, all\u2019interno dell\u2019architettura del brano evangelico. L\u2019evangelista Luca ci dice che Ges\u00f9 \u00e8 in viaggio verso Gerusalemme. Non \u00e8 un viaggio come tanti: \u00e8 il viaggio definitivo che lo porter\u00e0 alla croce. Qualche capitolo prima Luca ci ha detto che Ges\u00f9 prese la ferma decisione di andare a Gerusalemme, sapendo bene a cosa andava incontro. E in questo viaggio porta con s\u00e9 i suoi discepoli, e anche noi, per insegnarci cosa significa seguirlo davvero e non per finta.<\/p>\n<p>La croce sul Golgota \u00e8 la porta stretta finale di Ges\u00f9, quella che ha scelto di varcare in modo definitivo per essere per sempre con noi, uomo fino in fondo, amandoci fino alla fine. La croce \u00e8 davvero la \u201csua\u201d porta stretta, le cui misure sono quelle dell\u2019amore verso Dio e verso il prossimo. Se guardiamo la croce, in altezza essa punta verso Dio, e in larghezza abbraccia l\u2019intera umanit\u00e0 e la Storia. La porta stretta della croce ha misure infinite in altezza e in larghezza, ed \u00e8 fatta su misura per Ges\u00f9.<\/p>\n<p>Ma la croce non \u00e8 solamente la porta finale del cammino di Ges\u00f9: prima di essa egli ha varcato infinite altre porte strette, che erano le vite delle persone che ha incontrato, i piccoli e i poveri che ha soccorso. E la misura di quelle porte era proprio la povert\u00e0, la sofferenza, il bisogno di ascolto e di accoglienza. Ges\u00f9 non ha mancato nessuna di queste porte strette, e attraverso di esse ha fatto passare anche i suoi discepoli.<\/p>\n<p>Al tale che lo incontra per strada e gli pone una domanda troppo generica sulla salvezza, Ges\u00f9 risponde invitando lui, i suoi discepoli e noi a non mancare mai le porte della vita che hanno misure strette, a volte piccolissime: porte che ci costringono a piegarci, e soprattutto a liberarci di tutto ci\u00f2 che ci rende goffi e ingombranti nel passare. Non c\u2019\u00e8 solo la porta finale del Paradiso: ci sono infinite porte dentro il cammino della vita che ci permettono di accedere all\u2019incontro con Dio gi\u00e0 da ora, in questa vita.<\/p>\n<p>Mio padre, per prendere le misure, aveva solamente un metro e un\u2019agenda, dove tracciava un rapido disegno delle dimensioni del futuro serramento da costruire. Noi cristiani, nel cammino della vita, abbiamo il Vangelo, che ci aiuta a individuare le porte strette da attraversare e ci indica gi\u00e0, pi\u00f9 o meno, quali sono le dimensioni giuste: sono quelle della croce, quelle dell\u2019amore, quelle del dono di s\u00e9 che, anche se a volte sembrano troppo difficili e strette, in realt\u00e0 sono porte che si aprono sull\u2019infinita ampiezza dell\u2019amore di Dio.<\/p>\n","protected":false},"excerpt":{"rendered":"<p>Ges\u00f9 parla della \u201cporta stretta\u201d come via della salvezza. \u00c8 la croce, porta finale fatta su misura del suo amore infinito, ma anche le tante porte quotidiane: i poveri, i sofferenti, chi attende ascolto e accoglienza. Per seguirlo davvero dobbiamo attraversarle, liberandoci di ci\u00f2 che ingombra. DOMENICA 24 agosto 2025 &#8211; XXI anno C)<\/p>\n","protected":false},"author":1,"featured_media":4745,"comment_status":"open","ping_status":"open","sticky":false,"template":"","format":"standard","meta":{"footnotes":""},"categories":[2],"tags":[],"class_list":["post-4744","post","type-post","status-publish","format-standard","has-post-thumbnail","hentry","category-commenti-al-vangelo"],"_links":{"self":[{"href":"https:\/\/www.gioba.it\/sito\/wp-json\/wp\/v2\/posts\/4744","targetHints":{"allow":["GET"]}}],"collection":[{"href":"https:\/\/www.gioba.it\/sito\/wp-json\/wp\/v2\/posts"}],"about":[{"href":"https:\/\/www.gioba.it\/sito\/wp-json\/wp\/v2\/types\/post"}],"author":[{"embeddable":true,"href":"https:\/\/www.gioba.it\/sito\/wp-json\/wp\/v2\/users\/1"}],"replies":[{"embeddable":true,"href":"https:\/\/www.gioba.it\/sito\/wp-json\/wp\/v2\/comments?post=4744"}],"version-history":[{"count":1,"href":"https:\/\/www.gioba.it\/sito\/wp-json\/wp\/v2\/posts\/4744\/revisions"}],"predecessor-version":[{"id":4746,"href":"https:\/\/www.gioba.it\/sito\/wp-json\/wp\/v2\/posts\/4744\/revisions\/4746"}],"wp:featuredmedia":[{"embeddable":true,"href":"https:\/\/www.gioba.it\/sito\/wp-json\/wp\/v2\/media\/4745"}],"wp:attachment":[{"href":"https:\/\/www.gioba.it\/sito\/wp-json\/wp\/v2\/media?parent=4744"}],"wp:term":[{"taxonomy":"category","embeddable":true,"href":"https:\/\/www.gioba.it\/sito\/wp-json\/wp\/v2\/categories?post=4744"},{"taxonomy":"post_tag","embeddable":true,"href":"https:\/\/www.gioba.it\/sito\/wp-json\/wp\/v2\/tags?post=4744"}],"curies":[{"name":"wp","href":"https:\/\/api.w.org\/{rel}","templated":true}]}}