{"id":4832,"date":"2026-01-10T17:17:55","date_gmt":"2026-01-10T16:17:55","guid":{"rendered":"https:\/\/www.gioba.it\/sito\/?p=4832"},"modified":"2026-01-10T17:17:55","modified_gmt":"2026-01-10T16:17:55","slug":"dio-immerso","status":"publish","type":"post","link":"https:\/\/www.gioba.it\/sito\/2026\/01\/10\/dio-immerso\/","title":{"rendered":"Dio immerso"},"content":{"rendered":"<p><em>Di fronte alle tragedie nasce una domanda dura: \u00abDio dov\u2019\u00e8?\u00bb. Il Battesimo di Ges\u00f9 ci dice che Dio non \u00e8 lontano n\u00e9 indifferente: non \u00e8 sopra il dolore, ma immerso nell\u2019umanit\u00e0. Non spiega il male, lo attraversa con noi, per amore.<\/em><br \/>\n<em>(DOMENICA 11 gennaio 2026 &#8211;\u00a0BATTESIMO del Signore)<\/em><!--more--><\/p>\n<p>&nbsp;<\/p>\n<blockquote><p>In quel tempo, Ges\u00f9 dalla Galilea venne al Giordano da Giovanni, per farsi battezzare da lui.<br \/>\nGiovanni per\u00f2 voleva impedirglielo, dicendo: \u00abSono io che ho bisogno di essere battezzato da te, e tu vieni da me?\u00bb. Ma Ges\u00f9 gli rispose: \u00abLascia fare per ora, perch\u00e9 conviene che adempiamo ogni giustizia\u00bb. Allora egli lo lasci\u00f2 fare.<br \/>\nAppena battezzato, Ges\u00f9 usc\u00ec dall\u2019acqua: ed ecco, si aprirono per lui i cieli ed egli vide lo Spirito di Dio discendere come una colomba e venire sopra di lui. Ed ecco una voce dal cielo che diceva: \u00abQuesti \u00e8 il Figlio mio, l\u2019amato: in lui ho posto il mio compiacimento\u00bb.<br \/>\n(dal Vangelo di Matteo 3,13-17)<\/p><\/blockquote>\n<p>&nbsp;<\/p>\n<p>Qualche giorno fa, sotto un post che avevo pubblicato sui social riguardo alla tragedia di Crans-Montana, \u00e8 comparso un commento molto duro che iniziava cos\u00ec: \u00abDio non esiste\u2026\u00bb. In poche righe affermava che la religione \u00e8 una favola inutile di fronte alla tragedia di giovani morti in quel modo.<\/p>\n<p>Come spesso accade sui social, qualcuno ha risposto con toni altrettanto duri, quasi che quelle parole fossero inaccettabili e da censurare, soprattutto perch\u00e9 il post era stato scritto da me, che sono prete. Sembrava un attacco personale, o a ci\u00f2 che rappresento.<\/p>\n<p>Eppure quel \u00abDio non esiste\u2026\u00bb mi ha fatto pensare profondamente. Mi ha riportato alla mente tante altre tragedie passate e presenti: le guerre, il terrorismo, la fame, realt\u00e0 che diventano ancora pi\u00f9 insopportabili quando colpiscono giovani e bambini. E allora la domanda \u00e8 inevitabile: dov\u2019\u00e8 Dio in tutto questo?<\/p>\n<p>Dio \u00e8 immenso, onnipotente, conosce tutto prima e dopo, \u00e8 Signore del tempo: perch\u00e9 non interviene davanti a tanto dolore? Se \u00e8 vero che Dio \u00e8 Amore perch\u00e9 permette tutto questo? Perch\u00e9 consente che il male colpisca anche chi non ha fatto nulla di male?<\/p>\n<p>Allora quel \u00abDio non esiste\u2026\u00bb, in fondo, \u00e8 in sintonia con una protesta che abita anche noi: una ribellione interiore e spirituale che non va ignorata.<\/p>\n<p>Ai tempi di Ges\u00f9, quando accadeva una disgrazia personale o collettiva, la spiegazione religiosa immediata era il castigo per un peccato: se non del diretto interessato, almeno della sua famiglia. Il male veniva interpretato come punizione e ammonimento. Ma Ges\u00f9 si ribella a questa visione, e lo fa pi\u00f9 volte, mostrando che Dio \u00e8 Padre che ama, non giudice che punisce.<\/p>\n<p>Il racconto del Battesimo di Ges\u00f9 nel fiume Giordano, che liturgicamente chiude il tempo di Natale, racchiude tutta l\u2019identit\u00e0 di Ges\u00f9 e la sua missione e, in modo molto concreto, ci dice chi \u00e8 Dio.<\/p>\n<p>Ges\u00f9 si mette in fila insieme ai peccatori per ricevere un battesimo di conversione. Un gesto che appare assurdo: quali peccati ha il Figlio di Dio? Il Messia dovrebbe convertire gli altri, non se stesso. Che ci fa in quell\u2019acqua nella quale si immergono i peccatori? Anche Giovanni Battista protesta: secondo la mentalit\u00e0 religiosa del tempo, Dio deve giudicare e punire, non mescolarsi cos\u00ec con l\u2019umanit\u00e0 fragile. Questo non \u00e8 il Dio che si aspetta.<\/p>\n<p>E invece Ges\u00f9 insiste: deve compiere proprio questo gesto. Perch\u00e9 cos\u00ec annuncia, in modo forte e concreto, che Dio \u00e8 accanto a ogni uomo, che il Figlio di Dio \u00e8 dentro l\u2019esperienza umana, non sopra o fuori da essa. Immergendosi nel Giordano, Ges\u00f9 si immerge nell\u2019umanit\u00e0.<\/p>\n<p>Tutto era iniziato quando Dio si era immerso nel grembo di Maria, facendosi carne fragile in un neonato bisognoso di tutto. Ora, all\u2019inizio della sua missione, Ges\u00f9 si immerge nelle vite, nelle case, nelle fatiche umane. E alla fine si immerger\u00e0 persino nella morte, sulla croce, come ogni uomo mortale.<\/p>\n<p>Il Vangelo di Matteo ci dice che proprio mentre Ges\u00f9 si immerge totalmente nell\u2019esperienza umana, la voce di Dio e la sua forza vitale scendono su di lui. Il Dio onnipotente e creatore si riconosce in quell\u2019uomo: \u00abQuesti \u00e8 il Figlio mio\u00bb. \u00c8 come un padre che vede nel figlio tutto ci\u00f2 che \u00e8 e che ama, e vuole che tutti lo sappiano.<\/p>\n<p>Allora forse quel commento (\u00abDio non esiste\u2026\u00bb) ha una sua ragione. Se Dio \u00e8 pensato come colui che premia e punisce, che salva arbitrariamente qualcuno e condanna altri, che permette il male senza condividere il dolore, allora s\u00ec: quel Dio non esiste.<\/p>\n<p>Dio non \u00e8 solo immenso, \u00e8 soprattutto \u201cimmerso\u201d: immerso dentro le vicende umane, anche le pi\u00f9 tragiche. Non \u00e8 una risposta facile, ma un annuncio di speranza; non una spiegazione, ma una proposta di vita anche dentro la morte.<\/p>\n<p>Dio \u00e8 immerso in ogni tragedia, perch\u00e9 si \u00e8 fatto uno di noi e, per amore, accetta persino di apparire debole e inutile. Ed \u00e8 proprio l\u00ec che ci invita a riconoscerlo: nella solidariet\u00e0, nella condivisione, nella scelta di immergerci anche noi nella vita degli altri, nelle loro fragilit\u00e0, nei loro sbagli e nelle loro sofferenze.<\/p>\n<p>E ogni volta che avr\u00f2 amato, aiutato, ogni volta che mi sar\u00f2 immerso per amore nelle vicende umane, anch\u2019io potr\u00f2 sentire, non con l\u2019orecchio, ma con il cuore, che Dio si riconosce in me e mi dice: \u00abTu sei mio figlio, tu sei mia figlia\u2026 \u00a0che amo\u00bb.<\/p>\n","protected":false},"excerpt":{"rendered":"<p>Di fronte alle tragedie nasce una domanda dura: \u00abDio dov\u2019\u00e8?\u00bb. Il Battesimo di Ges\u00f9 ci dice che Dio non \u00e8 lontano n\u00e9 indifferente: non \u00e8 sopra il dolore, ma immerso nell\u2019umanit\u00e0. Non spiega il male, lo attraversa con noi, per amore. (DOMENICA 11 gennaio 2026 &#8211;\u00a0BATTESIMO del Signore)<\/p>\n","protected":false},"author":1,"featured_media":4833,"comment_status":"closed","ping_status":"open","sticky":false,"template":"","format":"standard","meta":{"footnotes":""},"categories":[2],"tags":[],"class_list":["post-4832","post","type-post","status-publish","format-standard","has-post-thumbnail","hentry","category-commenti-al-vangelo"],"_links":{"self":[{"href":"https:\/\/www.gioba.it\/sito\/wp-json\/wp\/v2\/posts\/4832","targetHints":{"allow":["GET"]}}],"collection":[{"href":"https:\/\/www.gioba.it\/sito\/wp-json\/wp\/v2\/posts"}],"about":[{"href":"https:\/\/www.gioba.it\/sito\/wp-json\/wp\/v2\/types\/post"}],"author":[{"embeddable":true,"href":"https:\/\/www.gioba.it\/sito\/wp-json\/wp\/v2\/users\/1"}],"replies":[{"embeddable":true,"href":"https:\/\/www.gioba.it\/sito\/wp-json\/wp\/v2\/comments?post=4832"}],"version-history":[{"count":1,"href":"https:\/\/www.gioba.it\/sito\/wp-json\/wp\/v2\/posts\/4832\/revisions"}],"predecessor-version":[{"id":4834,"href":"https:\/\/www.gioba.it\/sito\/wp-json\/wp\/v2\/posts\/4832\/revisions\/4834"}],"wp:featuredmedia":[{"embeddable":true,"href":"https:\/\/www.gioba.it\/sito\/wp-json\/wp\/v2\/media\/4833"}],"wp:attachment":[{"href":"https:\/\/www.gioba.it\/sito\/wp-json\/wp\/v2\/media?parent=4832"}],"wp:term":[{"taxonomy":"category","embeddable":true,"href":"https:\/\/www.gioba.it\/sito\/wp-json\/wp\/v2\/categories?post=4832"},{"taxonomy":"post_tag","embeddable":true,"href":"https:\/\/www.gioba.it\/sito\/wp-json\/wp\/v2\/tags?post=4832"}],"curies":[{"name":"wp","href":"https:\/\/api.w.org\/{rel}","templated":true}]}}