{"id":4858,"date":"2026-02-28T16:31:45","date_gmt":"2026-02-28T15:31:45","guid":{"rendered":"https:\/\/www.gioba.it\/sito\/?p=4858"},"modified":"2026-02-28T16:31:45","modified_gmt":"2026-02-28T15:31:45","slug":"lo-show-di-gesu","status":"publish","type":"post","link":"https:\/\/www.gioba.it\/sito\/2026\/02\/28\/lo-show-di-gesu\/","title":{"rendered":"lo show di Ges\u00f9"},"content":{"rendered":"<p><em>Sul monte della Trasfigurazione Ges\u00f9 rivela ai discepoli la sua vera identit\u00e0 e dona loro un\u2019esperienza di luce e bellezza che li sosterr\u00e0 nei momenti difficili. Anche noi, nella preghiera, siamo chiamati a salire con lui, per lasciarci illuminare il cuore e ritrovare la gioia di seguirlo ogni giorno.<\/em><br \/>\n<em>(DOMENICA 1 marzo 2026 &#8211;\u00a0II di Quaresima)<\/em><!--more--><\/p>\n<p>&nbsp;<\/p>\n<blockquote><p>In quel tempo, Ges\u00f9 prese con s\u00e9 Pietro, Giacomo e Giovanni suo fratello e li condusse in disparte, su un alto monte. E fu trasfigurato davanti a loro: il suo volto brill\u00f2 come il sole e le sue vesti divennero candide come la luce. Ed ecco apparvero loro Mos\u00e8 ed Elia, che conversavano con lui.<br \/>\nPrendendo la parola, Pietro disse a Ges\u00f9: \u00abSignore, \u00e8 bello per noi essere qui! Se vuoi, far\u00f2 qui tre capanne, una per te, una per Mos\u00e8 e una per Elia\u00bb. Egli stava ancora parlando, quando una nube luminosa li copr\u00ec con la sua ombra. Ed ecco una voce dalla nube che diceva: \u00abQuesti \u00e8 il Figlio mio, l\u2019amato: in lui ho posto il mio compiacimento. Ascoltatelo\u00bb.<br \/>\nAll\u2019udire ci\u00f2, i discepoli caddero con la faccia a terra e furono presi da grande timore. Ma Ges\u00f9 si avvicin\u00f2, li tocc\u00f2 e disse: \u00abAlzatevi e non temete\u00bb. Alzando gli occhi non videro nessuno, se non Ges\u00f9 solo.<br \/>\nMentre scendevano dal monte, Ges\u00f9 ordin\u00f2 loro: \u00abNon parlate a nessuno di questa visione, prima che il Figlio dell\u2019uomo non sia risorto dai morti\u00bb.<br \/>\n(dal Vangelo di Matteo 17,1-9)<\/p><\/blockquote>\n<p>&nbsp;<\/p>\n<p>In questi giorni di Festival di Sanremo una delle componenti non secondarie \u00e8 il look scelto dagli artisti che salgono sul palco. L\u2019aspetto del cantante, come anche il modo in cui interpreta il brano, non \u00e8 separabile dalla canzone presentata. Non contano solo la musica e la voce: anche il volto, l\u2019immagine, la presenza scenica comunicano qualcosa di essenziale. Sappiamo che dietro ogni scelta estetica c\u2019\u00e8 un messaggio preciso, mai casuale. C\u2019\u00e8 chi si presenta con abiti elaborati e ricchi, chi con uno stile apparentemente semplice o trasandato: in ogni caso \u00e8 sempre un modo per dire qualcosa di s\u00e9 e della canzone. Attraverso quel brano e quel modo di eseguirlo, l\u2019artista racconta ci\u00f2 che \u00e8 e ci\u00f2 che pensa della vita e del mondo.<\/p>\n<p>Pensavo proprio al palco di Sanremo leggendo il racconto della Trasfigurazione. Anche gli altri evangelisti, Luca e Marco, narrano questo episodio significativo della vita di Ges\u00f9. \u00c8 un evento dai tratti sorprendenti, quasi sospeso tra sogno e realt\u00e0, simile a uno show televisivo.<\/p>\n<p>Ges\u00f9 conduce con s\u00e9 i tre discepoli pi\u00f9 vicini, Pietro, Giacomo e Giovanni, su un monte alto. Non sappiamo quale sia, ma il particolare dell\u2019\u201calto\u201d indica un salire, un entrare in un\u2019altra dimensione. \u00c8 come se si aprisse una scena nuova: una manifestazione solenne, con presenze straordinarie e segni luminosi. Non \u00e8 finzione, ma rivelazione: qualcosa che appartiene profondamente alla storia di Ges\u00f9 e che i discepoli faticano ancora a comprendere.<\/p>\n<p>Per un momento Ges\u00f9 lascia trasparire la sua identit\u00e0 pi\u00f9 profonda. Accanto a lui compaiono Mos\u00e8 ed Elia, rappresentanti della Legge e dei Profeti. Il dialogo con loro, di cui non conosciamo il contenuto, manifesta che egli \u00e8 il compimento delle attese religiose e spirituali di Israele. Poi una nube luminosa avvolge tutti e una voce dall\u2019alto invita a fissare lo sguardo su di lui e ad ascoltarlo. Tutto converge sulla sua identit\u00e0 e sulla sua parola.<\/p>\n<p>\u00c8 una manifestazione potente che non vuole stupire per ingannare, ma rivelare chi \u00e8 veramente Ges\u00f9. Anche quando torner\u00e0 al suo aspetto quotidiano, quando apparir\u00e0 fragile e sar\u00e0 contestato fino a essere rifiutato, ci\u00f2 che \u00e8 stato mostrato sul monte rester\u00e0 vero.<\/p>\n<p>La tradizione identifica quel monte con il Monte Tabor, ma al di l\u00e0 del luogo preciso ci\u00f2 che conta \u00e8 l\u2019esperienza vissuta: un incontro che tocca il cuore e fa esclamare: \u00ab\u00c8 bello per noi essere qui\u00bb. Non \u00e8 solo un giudizio estetico, ma l\u2019espressione di una gioia profonda. Quando verranno i giorni difficili, quando seguire Ges\u00f9 sembrer\u00e0 inutile o perdente, quel ricordo di bellezza sosterr\u00e0 i discepoli.<\/p>\n<p>Ges\u00f9 \u00e8 lo stesso: quello luminoso sul monte e quello feriale delle strade di Galilea. \u00c8 il Maestro esigente che chiede di seguirlo ogni giorno, ma anche il Figlio amato che rivela la sua natura divina. Ascoltarlo e seguirlo \u00e8 un\u2019esperienza di bellezza che non delude.<\/p>\n<p>Questo Vangelo parla della preghiera. Per il discepolo \u00e8 indispensabile vivere momenti in cui salire \u201csul monte\u201d, sostare alla presenza di Dio e lasciarsi illuminare. Nella preghiera personale e comunitaria \u2014 fatta di ascolto, meditazione, lode, richiesta di perdono, canto, silenzio e talvolta lacrime \u2014 tutto acquista una luce diversa. Pu\u00f2 essere un attimo breve, ma senza quell\u2019attimo la fede si raffredda e rischia di spegnersi.<\/p>\n<p>La preghiera \u00e8 come una canzone in cui Dio e l\u2019uomo entrano in dialogo, anzi formano un vero e proprio duetto. Alcuni brani ascoltati sul palco di Sanremo, anche senza vincere, restano nel cuore e nella mente a lungo. Cos\u00ec la Parola di Dio, se accolta e pregata, continua a risuonare dentro di noi. E allora anche noi potremo dire, ogni giorno: \u00ab\u00c8 bello essere discepoli di Ges\u00f9\u00bb.<\/p>\n","protected":false},"excerpt":{"rendered":"<p>Sul monte della Trasfigurazione Ges\u00f9 rivela ai discepoli la sua vera identit\u00e0 e dona loro un\u2019esperienza di luce e bellezza che li sosterr\u00e0 nei momenti difficili. Anche noi, nella preghiera, siamo chiamati a salire con lui, per lasciarci illuminare il cuore e ritrovare la gioia di seguirlo ogni giorno. (DOMENICA 1 marzo 2026 &#8211;\u00a0II di Quaresima)<\/p>\n","protected":false},"author":1,"featured_media":4859,"comment_status":"closed","ping_status":"open","sticky":false,"template":"","format":"standard","meta":{"footnotes":""},"categories":[2],"tags":[],"class_list":["post-4858","post","type-post","status-publish","format-standard","has-post-thumbnail","hentry","category-commenti-al-vangelo"],"_links":{"self":[{"href":"https:\/\/www.gioba.it\/sito\/wp-json\/wp\/v2\/posts\/4858","targetHints":{"allow":["GET"]}}],"collection":[{"href":"https:\/\/www.gioba.it\/sito\/wp-json\/wp\/v2\/posts"}],"about":[{"href":"https:\/\/www.gioba.it\/sito\/wp-json\/wp\/v2\/types\/post"}],"author":[{"embeddable":true,"href":"https:\/\/www.gioba.it\/sito\/wp-json\/wp\/v2\/users\/1"}],"replies":[{"embeddable":true,"href":"https:\/\/www.gioba.it\/sito\/wp-json\/wp\/v2\/comments?post=4858"}],"version-history":[{"count":1,"href":"https:\/\/www.gioba.it\/sito\/wp-json\/wp\/v2\/posts\/4858\/revisions"}],"predecessor-version":[{"id":4860,"href":"https:\/\/www.gioba.it\/sito\/wp-json\/wp\/v2\/posts\/4858\/revisions\/4860"}],"wp:featuredmedia":[{"embeddable":true,"href":"https:\/\/www.gioba.it\/sito\/wp-json\/wp\/v2\/media\/4859"}],"wp:attachment":[{"href":"https:\/\/www.gioba.it\/sito\/wp-json\/wp\/v2\/media?parent=4858"}],"wp:term":[{"taxonomy":"category","embeddable":true,"href":"https:\/\/www.gioba.it\/sito\/wp-json\/wp\/v2\/categories?post=4858"},{"taxonomy":"post_tag","embeddable":true,"href":"https:\/\/www.gioba.it\/sito\/wp-json\/wp\/v2\/tags?post=4858"}],"curies":[{"name":"wp","href":"https:\/\/api.w.org\/{rel}","templated":true}]}}