{"id":505,"date":"2009-04-30T22:58:31","date_gmt":"2009-04-30T21:58:31","guid":{"rendered":"http:\/\/www.gioba.it\/?p=505"},"modified":"2009-04-30T23:00:09","modified_gmt":"2009-04-30T22:00:09","slug":"il-vero-volto-di-gesu","status":"publish","type":"post","link":"https:\/\/www.gioba.it\/sito\/2009\/04\/30\/il-vero-volto-di-gesu\/","title":{"rendered":"il vero volto di Ges\u00f9"},"content":{"rendered":"<p><strong>domenica 3 maggio 2009<br \/>\nQuarta domenica di Pasqua<\/strong><\/p>\n<p><a href='http:\/\/www.gioba.it\/sito\/wp-content\/uploads\/2009\/04\/pecore-rischiose-colored.jpg' title='pecore-rischiose-colored.jpg'><img src='http:\/\/www.gioba.it\/sito\/wp-content\/uploads\/2009\/04\/pecore-rischiose-colored.miniatura.jpg' alt='pecore-rischiose-colored.jpg' \/><\/a><\/p>\n<blockquote><p>In quel tempo, Ges\u00f9 disse: \u00abIo sono il buon pastore. Il buon pastore d\u00e0\u00a0 la propria vita per le pecore. Il mercenario &#8211; che non \u00e8 pastore e al quale le pecore non appartengono &#8211; vede venire il lupo, abbandona le pecore e fugge, e il lupo le rapisce e le disperde; perch\u00e8 \u00e8 un mercenario e non gli importa delle pecore.<br \/>\nIo sono il buon pastore, conosco le mie pecore e le mie pecore conoscono me, cos\u00ec come il Padre conosce me e io conosco il Padre, e do la mia vita per le pecore. E ho altre pecore che non provengono da questo recinto: anche quelle io devo guidare. Ascolteranno la mia voce e diventeranno un solo gregge, un solo pastore.<br \/>\nPer questo il Padre mi ama: perch\u00e8 io do la mia vita, per poi riprenderla di nuovo. Nessuno me la toglie: io la do da me stesso. Ho il potere di darla e il potere di riprenderla di nuovo. Questo \u00e8 il comando che ho ricevuto dal Padre mio\u00bb.<br \/>\n(dal Vangelo di Giovanni, 10,11-18)<\/p><\/blockquote>\n<p><strong>Ges\u00f9 in questo passo dell&#8217;evangelista Giovanni usa l&#8217;immagine del pastore per rappresentare se stesso, e per aiutare gli apostoli a comprendere la sua missione.<br \/>\nGes\u00f9 usa un&#8217;immagine presa dalla Scrittura e che era ben conosciuta dal popolo d&#8217;Israele, ma usa anche un&#8217;immagine molto legata all&#8217;esperienza concreta dei suoi ascoltatori: il pastore che guida il gregge e lo protegge dai falsi pastori e da tutti coloro che lo vogliono disperdere. Il gregge \u00e8 per Ges\u00f9 la comunit\u00e0\u00a0 dei credenti.<br \/>\nAnche se noi siamo molto distanti dal contesto culturale e religioso dei tempi di Ges\u00f9, questa immagine del Pastore non \u00e8 poi cos\u00ec difficile da cogliere e da apprezzare. Credo che ancora oggi conservi la sua profonda efficacia per comprendere chi \u00e8 Ges\u00f9 per noi e per l&#8217;intera comunit\u00e0\u00a0 cristiana.<br \/>\nE&#8217; davvero una bella immagine!<br \/>\nMi viene in mente, a tal proposito, un quadro che ho visto diversi anni fa, appeso alla parete di una casa per esercizi spirituali della nostra diocesi. Il quadro aveva come titolo &#8220;vera immagine del volto di Ges\u00f9&#8221;. Vi era raffigurato un volto di un giovane uomo di bell&#8217;aspetto, messo mezzo di profilo in primo piano come un divo di Hollywood anni &#8217;50,  con una lunga chioma castano chiara perfettamente pettinata e ondulata, e una barba curatissima lunga appena sotto il mento. Ricordo che, se non avessi letto l&#8217;iscrizione sotto, l&#8217;avrei scambiata per una antica foto-esempio da parrucchiere, proprio come di quelle che si vedono anche oggi fuori dai negozi di parrucchieri e barbieri, e che hanno lo scopo di invogliare ad entrare e a farsi la stessa pettinatura. Quello invece, secondo la dicitura, era invece Ges\u00f9, proprio lui. Ammetto che, poco devotamente, mi \u00e8 venuto da ridere&#8230;<br \/>\nEppure il problema della rappresentazione di Ges\u00f9 \u00e8 un problema antico e non sempre pacifico.<br \/>\nNei primi tempi i cristiani non avevano rappresentazioni di alcun genere di Ges\u00f9, tanto meno di Ges\u00f9 crocifisso. C&#8217;era la volont\u00e0\u00a0 di non mescolarsi con la mentalit\u00e0\u00a0 pagana nella rappresentazione degli dei.<br \/>\nLe primissime rappresentazioni, che si possono trovare nei resti archeologici e nelle catacombe, sono proprio quelle di Ges\u00f9 Buon Pastore. Ges\u00f9 di solito \u00e8 rappresentato come un giovane pastore che ha sulle spalle una pecora. I primi cristiani non andavano al di la dell&#8217;immagine usata da Ges\u00f9 stesso nel Vangelo.<br \/>\nPoi, con il trascorrere dei secoli, e con il venir meno della contrapposizione con il mondo pagano, le rappresentazioni di Ges\u00f9 e della sua storia sono diventate pi\u00f9 numerose. E la storia dell&#8217;arte ci ha consegnato capolavori stupendi e immagini davvero sublimi di Ges\u00f9.<br \/>\nMa nessuna ha, ovviamente, potuto restituirci il vero volto di Cristo, nemmeno quel quadro di fine ottocento che ho visto nella casa per esercizi spirituali.<\/p>\n<ul>\nI cristiani, sulla base dell&#8217;insegnamento di Ges\u00f9, hanno subito coempreso che la vera rappresentazione del volto di Ges\u00f9 non pu\u00f2 esser affidata ad affreschi, sculture o quadri, ma alle persone viventi.<br \/>\nE&#8217; la comunit\u00e0\u00a0 che manifesta il vero volto di Ges\u00f9, proprio quando vive come lui ha vissuto e mettendo in atto concretamente i suoi insegnamenti.<br \/>\nL&#8217;immagine del pastore che si prende cura delle pecore, che ne conosce di ciascuna il nome e che \u00e8 pronto a morire per esse, ci rappresenta perfettamente Ges\u00f9 e ci d\u00e0\u00a0 anche un&#8217;immagine-progetto di chi possiamo esser noi, che per il battesimo portiamo il suo nome.<br \/>\nSiamo infatti chiamati anche noi a prenderci cura gli uni degli altri, e a far si che nessuno si disperda, soprattutto a causa nostra. Siamo chiamati ad essere come il pastore e non come il mercenario e il lupo.<br \/>\nLa vera immagine di Ges\u00f9 non \u00e8 certo da ricercare nel quadro o nella scultura che \u00e8 pi\u00f9 fedele ai tratti somatici di un uomo del primo secolo. Non sapremo mai se Ges\u00f9 era alto o basso&#8230; con la barba riccia o liscia, se era grassottello o magrolino&#8230;<br \/>\nSappiamo che Ges\u00f9 lo rivediamo perfettamente nei cristiani che vivono proprio come lui, e che nel loro volto quotidianamente cercano di far risplendere il volto di Ges\u00f9.<br \/>\nPotrebbe esser un buon metodo di esame di coscienza, quello di andare ogni tanto davanti allo specchio, e pensando a come stiamo vivendo e dopo aver letto e meditato il Vangelo, domandarsi se quel volto che vediamo davanti a noi riflesso assomiglia a Ges\u00f9, e se Ges\u00f9 stesso si riconoscerebbe&#8230;<\/ul>\n<p><\/strong><br \/>\nGiovanni don<\/p>\n","protected":false},"excerpt":{"rendered":"<p>domenica 3 maggio 2009 Quarta domenica di Pasqua In quel tempo, Ges\u00f9 disse: \u00abIo sono il buon pastore. Il buon pastore d\u00e0\u00a0 la propria vita per le pecore. Il mercenario &#8211; che non \u00e8 pastore e al quale le pecore non appartengono &#8211; vede venire il lupo, abbandona le pecore e fugge, e il lupo le rapisce e le disperde; perch\u00e8 \u00e8 un mercenario e non gli importa delle pecore. Io sono il buon pastore, conosco le mie pecore e le mie pecore conoscono me, cos\u00ec come il Padre conosce me e io conosco il Padre, e do la mia<\/p>\n","protected":false},"author":1,"featured_media":0,"comment_status":"open","ping_status":"open","sticky":false,"template":"","format":"standard","meta":{"footnotes":""},"categories":[],"tags":[],"class_list":["post-505","post","type-post","status-publish","format-standard","hentry"],"_links":{"self":[{"href":"https:\/\/www.gioba.it\/sito\/wp-json\/wp\/v2\/posts\/505","targetHints":{"allow":["GET"]}}],"collection":[{"href":"https:\/\/www.gioba.it\/sito\/wp-json\/wp\/v2\/posts"}],"about":[{"href":"https:\/\/www.gioba.it\/sito\/wp-json\/wp\/v2\/types\/post"}],"author":[{"embeddable":true,"href":"https:\/\/www.gioba.it\/sito\/wp-json\/wp\/v2\/users\/1"}],"replies":[{"embeddable":true,"href":"https:\/\/www.gioba.it\/sito\/wp-json\/wp\/v2\/comments?post=505"}],"version-history":[{"count":0,"href":"https:\/\/www.gioba.it\/sito\/wp-json\/wp\/v2\/posts\/505\/revisions"}],"wp:attachment":[{"href":"https:\/\/www.gioba.it\/sito\/wp-json\/wp\/v2\/media?parent=505"}],"wp:term":[{"taxonomy":"category","embeddable":true,"href":"https:\/\/www.gioba.it\/sito\/wp-json\/wp\/v2\/categories?post=505"},{"taxonomy":"post_tag","embeddable":true,"href":"https:\/\/www.gioba.it\/sito\/wp-json\/wp\/v2\/tags?post=505"}],"curies":[{"name":"wp","href":"https:\/\/api.w.org\/{rel}","templated":true}]}}