{"id":512,"date":"2009-05-23T00:59:23","date_gmt":"2009-05-22T23:59:23","guid":{"rendered":"http:\/\/www.gioba.it\/?p=512"},"modified":"2009-05-23T00:59:23","modified_gmt":"2009-05-22T23:59:23","slug":"la-fede-salva%e2%80%a6nell%e2%80%99aldiqua","status":"publish","type":"post","link":"https:\/\/www.gioba.it\/sito\/2009\/05\/23\/la-fede-salva%e2%80%a6nell%e2%80%99aldiqua\/","title":{"rendered":"La fede salva&#8230;nell&#8217;aldiqu\u00e0\u00a0!"},"content":{"rendered":"<p><strong>domenica 24 maggio 2009<br \/>\nAscensione del Signore<\/strong><\/p>\n<p><a href='http:\/\/www.gioba.it\/sito\/wp-content\/uploads\/2009\/05\/angeli-e-demoni-colored.jpg' title='angeli-e-demoni-colored.jpg'><img src='http:\/\/www.gioba.it\/sito\/wp-content\/uploads\/2009\/05\/angeli-e-demoni-colored.miniatura.jpg' alt='angeli-e-demoni-colored.jpg' \/><\/a><\/p>\n<blockquote><p>In quel tempo, [Ges\u00f9 apparve agli Undici] e disse loro: \u00abAndate in tutto il mondo e proclamate il Vangelo a ogni creatura. Chi creder\u00e0\u00a0 e sar\u00e0\u00a0 battezzato sar\u00e0\u00a0 salvato, ma chi non creder\u00e0\u00a0 sar\u00e0\u00a0 condannato. Questi saranno i segni che accompagneranno quelli che credono: nel mio nome scacceranno dem\u00f2ni, parleranno lingue nuove, prenderanno in mano serpenti e, se berranno qualche veleno, non recher\u00e0\u00a0 loro danno; imporranno le mani ai malati e questi guariranno\u00bb.<br \/>\nIl Signore Ges\u00f9, dopo aver parlato con loro, fu elevato in cielo e sedette alla destra di Dio.<br \/>\nAllora essi partirono e predicarono dappertutto, mentre il Signore agiva insieme con loro e confermava la Parola con i segni che la accompagnavano.<br \/>\n(dal Vangelo di Marco 16,15-20)<\/p><\/blockquote>\n<p><strong>La fede salva!<br \/>\nE&#8217; questo il primo messaggio che appare chiaro dalle parole che Ges\u00f9 consegna ai suoi discepoli alla fine del suo percorso terreno prima di staccarsi definitivamente, dopo gli anni nei quali \u00e8 stato maestro e dopo che \u00e8 morto e risorto.<br \/>\nLa salvezza viene dal credere: perci\u00f2 \u00e8 importante allargare sempre pi\u00f9 la cerchia dei credenti, diffondendo Ges\u00f9&#8230;<br \/>\nMa la salvezza e, allo stesso modo, la condanna che vengono dal credere dal non credere, che cosa significano? Ges\u00f9 parla della salvezza e della condanna ultraterrena?<br \/>\nCredere o non credere fa la differenza solo nell&#8217;aldil\u00e0\u00a0?<br \/>\nDalle parole successive che Ges\u00f9 risorto pronuncia prima di salire al cielo sembra proprio di no: la salvezza o la condanna hanno pi\u00f9 a che fare con l&#8217;aldiqu\u00e0\u00a0 che con l&#8217;aldil\u00e0\u00a0.<br \/>\nSe ci penso bene, io credo non tanto perch\u00e8 penso all&#8217;aldil\u00e0\u00a0 come luogo di premio o di condanna, ma penso pi\u00f9 a quello che vivo ora e adesso.<br \/>\nSicuramente questo modo di impostare la mia fede cristiana viene dal fatto che sono ancora relativamente giovane e in salute, e non penso alla morte e a quello che ci sar\u00e0\u00a0 dopo la vita.<br \/>\nIo credo in Dio, e in particolare in Ges\u00f9, perch\u00e8 sento che questo salva la mia vita gi\u00e0\u00a0 adesso e non solo nel regno futuro che sento lontanissimo&#8230;<br \/>\nNel film &#8220;Angeli e Demoni&#8221;, in questi giorni al cinema, ad un certo punto uno dei personaggi, un prete,  chiede al protagonista principale se crede in Dio, e questo, mostrando un certo imbarazzo di fronte ad una domanda cos\u00ec profonda, risponde dicendo; &#8220;questo non mi \u00e8 concesso&#8230;&#8221;. Vedendo questa scena mi sono sentito interpellato, e mi sono chiesto che cosa risponderei io ad una domanda cos\u00ec semplice ma nello stesso tempo cos\u00ec radicale e decisiva.<br \/>\nNon mi viene chiesto se approvo la Chiesa, se credo in questo o quel dogma o insegnamento, ma &#8220;chi \u00e8 Dio per me e se ci credo&#8230;&#8221;<br \/>\nPosso dire che credo in Dio, non perch\u00e8 ho paura in una condanna finale, ma perch\u00e8 l&#8217;esperienza di vita mi ha portato a credere che davvero la mia vita in Ges\u00f9 si salva, e al contrario, se non curo questa fede e lascio andare via Ges\u00f9 dal centro di quel che sono, allora sperimento che la vita si perde e si &#8220;guasta&#8221;.<br \/>\nCredere \u00e8 diventare capaci di scacciare i demoni della ingiustizia, della violenza, dell&#8217;orgoglio che ci sono in noi ma anche fuori, nel mondo nel quale vivo. <\/p>\n<ul>\nOggi ho visitato una mostra sull&#8217;Olocausto degli ebrei durante il periodo nazista e fascista. All&#8217;ingresso della mostra c&#8217;era lo slogan che diceva pi\u00f9 o meno cos\u00ec: &#8220;ricordare il passato per proteggere il futuro&#8221;.<br \/>\nCome cristiano mi sento obbligato a diffondere il Vangelo della pace, il Vangelo della tolleranza e dell&#8217;accoglienza. Se riesco a far si che sempre pi\u00f9 persone credano in questo Vangelo allora davvero il mondo si salva insieme a me.<br \/>\nCredere \u00e8 anche, secondo le parole di Ges\u00f9, parlare lingue nuove. Sento davvero che la fede mi spinge a trovare sempre nuovi spazi e occasioni di dialogo, imparando a gettare ponti di comunicazione fraterna anche la dove sembra ci sia solo incomunicabilit\u00e0\u00a0.<br \/>\nMi \u00e8 piaciuto molto quello che il papa ha fatto nel suo recente  viaggio in Medio Oriente e in particolare in Terra Santa. Mi \u00e8 piaciuto come ha esortato alla fede  e alla fiducia i cristiani di quelle terre, che sono pochi e schiacciati tra i due grossi contendenti che sono gli ebrei e gli islamici. Benedetto XVI ha detto ai cristiani di essere in quelle terre un piccolo ma insostituibile segno di pace e stimolo al dialogo.<br \/>\nEcco cosa intende Ges\u00f9, quando dice che chi crede \u00e8 accompagnato dalla capacit\u00e0\u00a0 di parlare nuove lingue. Credere \u00e8 comunicare e mettere gli altri in comunicazione tra loro. Al contrario se nella nostra vita prevale il disaccordo, il continuo fraintendimento, il pregiudizio&#8230; tutto questo diventa un chiaro segno di poca fede, anche fossi devotissimo e piissimo nelle celebrazioni domenicali.<br \/>\nChi crede invece \u00e8 accompagnato dai segni buoni che cambiano il mondo e lo rendono vivibile, proprio come pensava e pensa ancora adesso Ges\u00f9.<\/ul>\n<p><\/strong><br \/>\nGiovanni don<\/p>\n","protected":false},"excerpt":{"rendered":"<p>domenica 24 maggio 2009 Ascensione del Signore In quel tempo, [Ges\u00f9 apparve agli Undici] e disse loro: \u00abAndate in tutto il mondo e proclamate il Vangelo a ogni creatura. Chi creder\u00e0\u00a0 e sar\u00e0\u00a0 battezzato sar\u00e0\u00a0 salvato, ma chi non creder\u00e0\u00a0 sar\u00e0\u00a0 condannato. Questi saranno i segni che accompagneranno quelli che credono: nel mio nome scacceranno dem\u00f2ni, parleranno lingue nuove, prenderanno in mano serpenti e, se berranno qualche veleno, non recher\u00e0\u00a0 loro danno; imporranno le mani ai malati e questi guariranno\u00bb. Il Signore Ges\u00f9, dopo aver parlato con loro, fu elevato in cielo e sedette alla destra di Dio. Allora essi<\/p>\n","protected":false},"author":1,"featured_media":0,"comment_status":"open","ping_status":"open","sticky":false,"template":"","format":"standard","meta":{"footnotes":""},"categories":[],"tags":[],"class_list":["post-512","post","type-post","status-publish","format-standard","hentry"],"_links":{"self":[{"href":"https:\/\/www.gioba.it\/sito\/wp-json\/wp\/v2\/posts\/512","targetHints":{"allow":["GET"]}}],"collection":[{"href":"https:\/\/www.gioba.it\/sito\/wp-json\/wp\/v2\/posts"}],"about":[{"href":"https:\/\/www.gioba.it\/sito\/wp-json\/wp\/v2\/types\/post"}],"author":[{"embeddable":true,"href":"https:\/\/www.gioba.it\/sito\/wp-json\/wp\/v2\/users\/1"}],"replies":[{"embeddable":true,"href":"https:\/\/www.gioba.it\/sito\/wp-json\/wp\/v2\/comments?post=512"}],"version-history":[{"count":0,"href":"https:\/\/www.gioba.it\/sito\/wp-json\/wp\/v2\/posts\/512\/revisions"}],"wp:attachment":[{"href":"https:\/\/www.gioba.it\/sito\/wp-json\/wp\/v2\/media?parent=512"}],"wp:term":[{"taxonomy":"category","embeddable":true,"href":"https:\/\/www.gioba.it\/sito\/wp-json\/wp\/v2\/categories?post=512"},{"taxonomy":"post_tag","embeddable":true,"href":"https:\/\/www.gioba.it\/sito\/wp-json\/wp\/v2\/tags?post=512"}],"curies":[{"name":"wp","href":"https:\/\/api.w.org\/{rel}","templated":true}]}}