{"id":550,"date":"2009-08-28T23:41:05","date_gmt":"2009-08-28T23:41:05","guid":{"rendered":"http:\/\/www.gioba.it\/?p=550"},"modified":"2009-08-28T23:48:16","modified_gmt":"2009-08-28T23:48:16","slug":"vicini-con-le-labbra-a-dio%e2%80%a6-ma-con-il-cuore-dove-siamo","status":"publish","type":"post","link":"https:\/\/www.gioba.it\/sito\/2009\/08\/28\/vicini-con-le-labbra-a-dio%e2%80%a6-ma-con-il-cuore-dove-siamo\/","title":{"rendered":"Vicini con le labbra a Dio&#8230; ma con il cuore, dove siamo?"},"content":{"rendered":"<p><strong>domenica 30 agosto 2009 <\/strong><\/p>\n<p><img loading=\"lazy\" decoding=\"async\" src=\"http:\/\/www.gioba.it\/sito\/wp-content\/uploads\/2009\/08\/estate-2009-colored22.jpg\" alt=\"estate 2009 (colored2)\" title=\"estate 2009 (colored2)\" width=\"590\" height=\"429\" class=\"alignleft size-full wp-image-563\" \/><\/p>\n<blockquote><p>In quel tempo, si riunirono attorno a Ges\u00f9 i farisei e alcuni degli scribi, venuti da Gerusalemme.<br \/>\nAvendo visto che alcuni dei suoi discepoli prendevano cibo con mani impure, cio\u00e8 non lavate &#8211; i farisei infatti e tutti i Giudei non mangiano se non si sono lavati accuratamente le mani, attenendosi alla tradizione degli antichi e, tornando dal mercato, non mangiano senza aver fatto le abluzioni, e osservano molte altre cose per tradizione, come lavature di bicchieri, di stoviglie, di oggetti di rame e di letti -, quei farisei e scribi lo interrogarono: \u00abPerch\u00e8 i tuoi discepoli non si comportano secondo la tradizione degli antichi, ma prendono cibo con mani impure?\u00bb.<br \/>\nEd egli rispose loro: \u00abBene ha profetato Isaia di voi, ipocriti, come sta scritto:<br \/>\n&#8220;Questo popolo mi onora con le labbra,<br \/>\nma il suo cuore \u00e8 lontano da me.<br \/>\nInvano mi rendono culto,<br \/>\ninsegnando dottrine che sono precetti di uomini&#8221;.<br \/>\nTrascurando il comandamento di Dio, voi osservate la tradizione degli uomini\u00bb.<br \/>\nChiamata di nuovo la folla, diceva loro: \u00abAscoltatemi tutti e comprendete bene! Non c&#8217;\u00e8 nulla fuori dell&#8217;uomo che, entrando in lui, possa renderlo impuro. Ma sono le cose che escono dall&#8217;uomo a renderlo impuro\u00bb. E diceva : \u00abDal di dentro infatti, cio\u00e8 dal cuore degli uomini, escono i propositi di male: impurit\u00e0\u00a0, furti, omicidi, adult\u00e8ri, avidit\u00e0\u00a0, malvagit\u00e0\u00a0, inganno, dissolutezza, invidia, calunnia, superbia, stoltezza. Tutte queste cose cattive vengono fuori dall&#8217;interno e rendono impuro l&#8217;uomo\u00bb.<br \/>\n(dal Vangelo di Marco 7,1-8.14-15.21-23)<\/p><\/blockquote>\n<p><strong>Per qualche settimana l&#8217;aggiornamento di questo mio blog \u00e8 rimasto fermo<br \/>\nDopo due anni e mezzo dalla sua creazione mi \u00e8 venuta voglia di rifare il look al sito personale di vignette e riflessioni sul Vangelo.<br \/>\nE cos\u00ec mi sono messo a ristudiare come si crea una pagina web e ho rimesso mano (con l&#8217;aiuto insostituibile di un mio amico, Luca, esperto e paziente maestro) alla grafica  e alla disposizione dei vari settori.<br \/>\nHo voluto soprattutto mettere in primo piano (e lo si vede in alto a destra) i commenti che di volta in volta qualcuno inserisce, dopo aver letto il mio commento o il commento di qualcun altro. I commenti ora sono pi\u00f9 facilmente raggiungibili e cos\u00ec la discussione e lo scambio di idee \u00e8 pi\u00f9 facile.<\/p>\n<p>Quando ho deciso di rifare il blog avevo in mente di ripartire con l&#8217;aggiornamento dei commenti proprio da questa domenica. Non avevo ancora letto il Vangelo che sarebbe toccato nella messa della domenica, e sono rimasto colpito su come abbia qualcosa da dire anche riguardo l&#8217;aggiornamento del look del mio blog.<br \/>\nLe solite &#8220;coincidenze&#8221; tra esperienzadi vita e le pagine del  Vangelo!&#8230;<\/p>\n<p>Ges\u00f9 \u00e8 piuttosto duro con le persone religiose del suo tempo. Noi facciamo presto a stare dalla parte di quel che dice il Maestro, perch\u00e8 siamo lontani dalle tradizioni di cui parla Cristo che secondo lui sono pi\u00f9 invenzioni di uomini che volont\u00e0\u00a0 di Dio. Facciamo presto a dare ragione a Ges\u00f9 perch\u00e8 se la prende con cose che noi non facciamo e non ci appartengono.<br \/>\nMa \u00e8 una tranquillit\u00e0\u00a0 che dura poco.<br \/>\nMi \u00e8 venuto un certo brivido spirituale leggendo le parole di Ges\u00f9, specialmente quando, facendo sue le parole di Isaia, dice&#8221;&#8221;Questo popolo mi onora con le labbra, ma il suo cuore \u00e8 lontano da me. Invano mi rendono culto, insegnando dottrine che sono precetti di uomini&#8221;.<br \/>\nCome prete e come comunit\u00e0\u00a0 cristiana abbiamo un sacco di riti, processioni, adorazioni, preghiere, novene e tradizioni religiose varie. Durante la messa ci sono tantissime invocazioni e preghiere che ripetiamo in conntiuazione.<br \/>\nMi domando: vale anche per noi questa accusa di Ges\u00f9? Che non sia vero anche per noi il fatto che abbiamo le labbra piene di Dio, amen, alleluia&#8230; mentre in realt\u00e0\u00a0 sono assenti nel cuore, cio\u00e8 l\u00e0\u00a0 dove noi siamo realmente con le decisioni e dove operiamo  le scelte fondamentali della vita?<\/p>\n<ul>\nLa nostra religiosit\u00e0\u00a0 \u00e8 una questione solo di look o arriva e converte il cuore?<br \/>\nEcco perch\u00e8 mi \u00e8 venuto da collegare questa pagina di Vangelo con il restyling del mio sito.<br \/>\nMi sono dato molto da fare per immettere  nuovi colori e immagini al blog.<br \/>\nSo che \u00e8 importante la forma e non possiamo non curarla in tutte le cose che facciamo.<br \/>\nMa il contenuto rimane la cosa fondamentale. E non \u00e8 cos\u00ec scontato che davvero gli diamo il primo posto.<br \/>\nUn bel sito (spero che sia un po&#8217; pi\u00f9 bello&#8230; accetto critiche e consigli) non serve a nulla se non \u00e8 ricco di contenuti validi. Mi auguro davvero che anche in tutto quel che faccio io sia attento alla forma ma senza mai dimenticare che \u00e8 il cuore il vero obiettivo dell&#8217;incontro con Dio e anche con l&#8217;altra persona.<br \/>\nSe una forma, una consuetudine e una cosa che facciamo ci allontana da Dio e dai fratelli, allora \u00e8 giusto abbandonare senza paura quella consuetudine e quella nostra tradizione.<br \/>\nCome Chiesa penso davvero che abbiamo molto da riflettere e da farci provocare senza sconti dalle parole che Ges\u00f9 ha detto ai farisei e scribi, ma che poi l&#8217;Evangelista Marco (ispirato da Dio) ha rigirato ai cristiani del suo tempo e anche del nostro, a noi, a me!<br \/>\nDov&#8217;\u00e8 il mio cuore?<\/ul>\n<p><\/strong><br \/>\nGiovanni don<\/p>\n","protected":false},"excerpt":{"rendered":"<p>La nostra religiosit\u00e0\u00a0 \u00e8 una questione solo di look o arriva e converte il cuore?<\/p>\n","protected":false},"author":1,"featured_media":0,"comment_status":"open","ping_status":"open","sticky":false,"template":"","format":"standard","meta":{"footnotes":""},"categories":[],"tags":[],"class_list":["post-550","post","type-post","status-publish","format-standard","hentry"],"_links":{"self":[{"href":"https:\/\/www.gioba.it\/sito\/wp-json\/wp\/v2\/posts\/550","targetHints":{"allow":["GET"]}}],"collection":[{"href":"https:\/\/www.gioba.it\/sito\/wp-json\/wp\/v2\/posts"}],"about":[{"href":"https:\/\/www.gioba.it\/sito\/wp-json\/wp\/v2\/types\/post"}],"author":[{"embeddable":true,"href":"https:\/\/www.gioba.it\/sito\/wp-json\/wp\/v2\/users\/1"}],"replies":[{"embeddable":true,"href":"https:\/\/www.gioba.it\/sito\/wp-json\/wp\/v2\/comments?post=550"}],"version-history":[{"count":10,"href":"https:\/\/www.gioba.it\/sito\/wp-json\/wp\/v2\/posts\/550\/revisions"}],"predecessor-version":[{"id":565,"href":"https:\/\/www.gioba.it\/sito\/wp-json\/wp\/v2\/posts\/550\/revisions\/565"}],"wp:attachment":[{"href":"https:\/\/www.gioba.it\/sito\/wp-json\/wp\/v2\/media?parent=550"}],"wp:term":[{"taxonomy":"category","embeddable":true,"href":"https:\/\/www.gioba.it\/sito\/wp-json\/wp\/v2\/categories?post=550"},{"taxonomy":"post_tag","embeddable":true,"href":"https:\/\/www.gioba.it\/sito\/wp-json\/wp\/v2\/tags?post=550"}],"curies":[{"name":"wp","href":"https:\/\/api.w.org\/{rel}","templated":true}]}}