{"id":929,"date":"2010-10-29T14:31:25","date_gmt":"2010-10-29T14:31:25","guid":{"rendered":"http:\/\/www.gioba.it\/?p=929"},"modified":"2010-10-29T14:31:25","modified_gmt":"2010-10-29T14:31:25","slug":"il-canto-delle-beatitudini%e2%80%a6","status":"publish","type":"post","link":"https:\/\/www.gioba.it\/sito\/2010\/10\/29\/il-canto-delle-beatitudini%e2%80%a6\/","title":{"rendered":"il canto delle beatitudini&#8230;"},"content":{"rendered":"<p><a href=\"http:\/\/www.gioba.it\/?attachment_id=930\" rel=\"attachment wp-att-930\"><img loading=\"lazy\" decoding=\"async\" src=\"http:\/\/www.gioba.it\/sito\/wp-content\/uploads\/2010\/10\/diventare-santi-colored.jpg\" alt=\"\" title=\"diventare santi (colored)\" width=\"590\" height=\"415\" class=\"alignleft size-full wp-image-930\" \/><\/a><\/p>\n<p><strong>LUNEDI&#8217; 1 novembre 2010<br \/>\nTUTTI i SANTI<\/strong><\/p>\n<blockquote><p>In quel tempo, vedendo le folle, Ges\u00f9 sal\u00ec sul monte: si pose a sedere e si avvicinarono a lui i suoi discepoli. Si mise a parlare e insegnava loro dicendo:<br \/>\n\u00abBeati i poveri in spirito,<br \/>\nperch\u00e8 di essi \u00e8 il regno dei cieli.<br \/>\nBeati quelli che sono nel pianto,<br \/>\nperch\u00e8 saranno consolati.<br \/>\nBeati i miti,<br \/>\nperch\u00e8 avranno in eredit\u00e0\u00a0 la terra.<br \/>\nBeati quelli che hanno fame e sete della giustizia,<br \/>\nperch\u00e8 saranno saziati.<br \/>\nBeati i misericordiosi,<br \/>\nperch\u00e8 troveranno misericordia.<br \/>\nBeati i puri di cuore,<br \/>\nperch\u00e8 vedranno Dio.<br \/>\nBeati gli operatori di pace,<br \/>\nperch\u00e8 saranno chiamati figli di Dio.<br \/>\nBeati i perseguitati per la giustizia,<br \/>\nperch\u00e8 di essi \u00e8 il regno dei cieli.<br \/>\nBeati voi quando vi insulteranno, vi perseguiteranno e, mentendo, diranno ogni sorta di male contro di voi per causa mia. Rallegratevi ed esultate, perch\u00e8 grande \u00e8 la vostra ricompensa nei cieli\u00bb.<br \/>\n(dal Vangelo di Matteo 5,1-12)<\/p><\/blockquote>\n<p><strong>Mi piace ogni tanto, come succede in questa festa dei Santi, tornare su questo monte insieme ai discepoli per ascoltare Ges\u00f9 e le sue parole.<br \/>\nLe ho sentite un sacco di volte, e proprio per questo voglio riascoltare questo che sento come un canto che dalle orecchie scende direttamente al cuore.<br \/>\n&#8220;Beati&#8230;. Beati&#8230; Beati&#8230;&#8221;<br \/>\nCon queste nove beatitudini, Ges\u00f9 inizia un lungo discorso, riportato da Matteo nei capitoli successivi, ricco di insegnamenti forti e bellissimi, che sono il cuore dell&#8217;insegnamento del Maestro.<br \/>\nLa tradizione ha identificato un luogo reale e concreto riguardo questo monte, e se si va in pellegrinaggio in Palestina, lo si visita sempre, come tappa fondamentale alla ricerca dei luoghi del Vangelo.<br \/>\nMa a me non importa che sia un luogo fisico. Quel che mi interessa \u00e8 sapere che dal monte delle beatitudini vedo la realt\u00e0\u00a0 della mia vita e della vita del mondo in modo diverso, con lo sguardo &#8220;alto&#8221; di Ges\u00f9.<br \/>\nIl panorama \u00e8 davvero vasto e si perde all&#8217;infinito, proprio come in quelle giornate limpide dopo una pioggia in montagna, dove riesco a scorgere anche i dettagli pi\u00f9 lontani e le distanze sembrano accorciarsi&#8230;<br \/>\nQuante volte pensiamo la fede come qualcosa che ci limita, ci ingabbia in regole rigide, e ci immette in una assurda gara di chi \u00e8 pi\u00f9 bravo e di chi sar\u00e0\u00a0 premiato e chi condannato. La santit\u00e0\u00a0 stessa la concepiamo come punto di arrivo per chi \u00e8 stato nella vita pi\u00f9 in gamba e tenace nell&#8217;obbedire. I santi (che oggi la Chiesa ci invita a ricordare tutti insieme), ci appaiono come una schiera di &#8220;primi della classe&#8221;, amati e premiati dal professore, e che fanno sentire noi &#8220;gli ultimi&#8221;, che non potranno mai essere come loro.<br \/>\nEssere santi ci sembra solo sinonimo di rigore morale assoluto, conversione totale senza ritorno o dubbio e assoluta certezza su Dio e gli insegnamenti della Chiesa.<br \/>\nIl canto della montagna di Ges\u00f9, ci insegna che la beatitudine \u00e8 prima di tutto dono di Dio, e non nostro traguardo. E&#8217; Lui che dona il regno, \u00e8 Lui che consola e dona misericordia, \u00e8 Lui che ci chiama figli&#8230;<br \/>\nA noi rimane solo di fidarci di questo, e di non pensare che povert\u00e0\u00a0, fatica, dubbio, insuccesso&#8230; possano toglierci questo dono. Anzi, il messaggio delle beatitudini ci dice che \u00e8 proprio nelle situazioni umane pi\u00f9 difficili che Dio ci viene incontro.<br \/>\nUn sacerdote mi ha suggerito questa lettura molto interessante della santit\u00e0\u00a0: la santit\u00e0\u00a0 non \u00e8 un premio finale di &#8220;buona condotta&#8221;, data solo a quei pochi che la Chiesa ufficialmente proclama. La santit\u00e0\u00a0 \u00e8 un &#8220;incentivo&#8221; iniziale che \u00e8 dato a tutti. A tutti fin da subito \u00e8 data la presenza e la forza di Dio. A tutti Dio da&#8217; fiducia, proprio come Ges\u00f9 ci ha insegnato con la sua storia, quando ha chiamato a s\u00e8 i discepoli senza prima testarli o chiedendo raccomandazioni. Si \u00e8 fidato subito di loro, e loro hanno avuto poi tutta la vita per vivere il dono dell&#8217;amicizia ricevuta.<br \/>\nColoro che stanno sugli altari, e che oggi ricordiamo, hanno avuto la capacit\u00e0\u00a0 di accorgersi e di fidarsi del dono di santit\u00e0\u00a0 che anch&#8217;io ho gi\u00e0\u00a0 ricevuto. Hanno saputo spendere bene nella loro vita, fatta di alti e bassi, di errori e continue conversioni dl cuore, il dono di Grazia che viene da Dio, cio\u00e8 il suo potente amore.<\/p>\n<ul>\nNon vorrei mai scendere da questo monte delle beatitudini, perch\u00e8 da qui Dio mi sembra davvero pi\u00f9 vicino e assai meno minaccioso di come viene a volte dipinto da chi non lo conosce realmente.<br \/>\nDa qui sento lontani giudizi e pregiudizi e l&#8217;unica vera preoccupazione non \u00e8 &#8220;essere pi\u00f9 bravo&#8221; di chi mi sta accanto, ma la mia preoccupazione \u00e8 far si che la potenza liberante del &#8220;beati&#8230;beati&#8230;&#8221; giunga al cuore di tutti, a cominciare proprio da chi mi \u00e8 vicino.<\/ul>\n<p><\/strong><br \/>\nGiovanni don<\/p>\n","protected":false},"excerpt":{"rendered":"<p>LUNEDI&#8217; 1 novembre 2010 TUTTI i SANTI In quel tempo, vedendo le folle, Ges\u00f9 sal\u00ec sul monte: si pose a sedere e si avvicinarono a lui i suoi discepoli. Si mise a parlare e insegnava loro dicendo: \u00abBeati i poveri in spirito, perch\u00e8 di essi \u00e8 il regno dei cieli. Beati quelli che sono nel pianto, perch\u00e8 saranno consolati. Beati i miti, perch\u00e8 avranno in eredit\u00e0\u00a0 la terra. Beati quelli che hanno fame e sete della giustizia, perch\u00e8 saranno saziati. Beati i misericordiosi, perch\u00e8 troveranno misericordia. Beati i puri di cuore, perch\u00e8 vedranno Dio. Beati gli operatori di pace, perch\u00e8<\/p>\n","protected":false},"author":1,"featured_media":0,"comment_status":"open","ping_status":"open","sticky":false,"template":"","format":"standard","meta":{"footnotes":""},"categories":[],"tags":[],"class_list":["post-929","post","type-post","status-publish","format-standard","hentry"],"_links":{"self":[{"href":"https:\/\/www.gioba.it\/sito\/wp-json\/wp\/v2\/posts\/929","targetHints":{"allow":["GET"]}}],"collection":[{"href":"https:\/\/www.gioba.it\/sito\/wp-json\/wp\/v2\/posts"}],"about":[{"href":"https:\/\/www.gioba.it\/sito\/wp-json\/wp\/v2\/types\/post"}],"author":[{"embeddable":true,"href":"https:\/\/www.gioba.it\/sito\/wp-json\/wp\/v2\/users\/1"}],"replies":[{"embeddable":true,"href":"https:\/\/www.gioba.it\/sito\/wp-json\/wp\/v2\/comments?post=929"}],"version-history":[{"count":2,"href":"https:\/\/www.gioba.it\/sito\/wp-json\/wp\/v2\/posts\/929\/revisions"}],"predecessor-version":[{"id":932,"href":"https:\/\/www.gioba.it\/sito\/wp-json\/wp\/v2\/posts\/929\/revisions\/932"}],"wp:attachment":[{"href":"https:\/\/www.gioba.it\/sito\/wp-json\/wp\/v2\/media?parent=929"}],"wp:term":[{"taxonomy":"category","embeddable":true,"href":"https:\/\/www.gioba.it\/sito\/wp-json\/wp\/v2\/categories?post=929"},{"taxonomy":"post_tag","embeddable":true,"href":"https:\/\/www.gioba.it\/sito\/wp-json\/wp\/v2\/tags?post=929"}],"curies":[{"name":"wp","href":"https:\/\/api.w.org\/{rel}","templated":true}]}}